{"id":3710,"date":"2014-05-22T10:10:43","date_gmt":"2014-05-22T08:10:43","guid":{"rendered":"http:\/\/www.conselharan.org\/?p=3710"},"modified":"2014-05-22T13:16:30","modified_gmt":"2014-05-22T11:16:30","slug":"el-patinador-aranes-ton-consul-vivar-premiado-como-campeon-absoluto-de-catalunya","status":"publish","type":"post","link":"https:\/\/www.conselharan.org\/es\/el-patinador-aranes-ton-consul-vivar-premiado-como-campeon-absoluto-de-catalunya\/","title":{"rendered":"El patinador aran\u00e9s, T\u00f2n C\u00f3nsul Vivar, premiado como campe\u00f3n absoluto de Catalunya"},"content":{"rendered":"<p><strong>El pasado s\u00e1bado d\u00eda 17 de mayo, el Parque Ol\u00edmpico del Segre (La Seu d\u2019Urgell), acogi\u00f3 el acto de entrega de premios a los Campeones absolutos de las diferentes disciplines de deportes de invierno.<\/strong><br \/>\n<strong>\u00a0<\/strong><\/p>\n<p><strong>La jornada reuni\u00f3 cerca de doscientas personas entre autoridades, deportistas e invitados.<\/strong><\/p>\n<p><a href=\"http:\/\/www.conselharan.org\/wp-content\/uploads\/2014\/05\/MARTA-ANDRADE_-TON-CONSUL.jpg\"><img loading=\"lazy\" decoding=\"async\" class=\"aligncenter size-full wp-image-3705\" alt=\"MARTA ANDRADE_ TON CONSUL\" src=\"http:\/\/www.conselharan.org\/wp-content\/uploads\/2014\/05\/MARTA-ANDRADE_-TON-CONSUL.jpg\" width=\"720\" height=\"717\" srcset=\"https:\/\/www.conselharan.org\/wp-content\/uploads\/2014\/05\/MARTA-ANDRADE_-TON-CONSUL.jpg 720w, https:\/\/www.conselharan.org\/wp-content\/uploads\/2014\/05\/MARTA-ANDRADE_-TON-CONSUL-150x150.jpg 150w, https:\/\/www.conselharan.org\/wp-content\/uploads\/2014\/05\/MARTA-ANDRADE_-TON-CONSUL-300x298.jpg 300w, https:\/\/www.conselharan.org\/wp-content\/uploads\/2014\/05\/MARTA-ANDRADE_-TON-CONSUL-270x270.jpg 270w, https:\/\/www.conselharan.org\/wp-content\/uploads\/2014\/05\/MARTA-ANDRADE_-TON-CONSUL-207x207.jpg 207w, https:\/\/www.conselharan.org\/wp-content\/uploads\/2014\/05\/MARTA-ANDRADE_-TON-CONSUL-75x75.jpg 75w\" sizes=\"(max-width: 720px) 100vw, 720px\" \/><\/a><\/p>\n<p>Durante el acto, se hizo entrega de las medallas UFEC a los Campeones de Catalunya absolutos y los trofeos a los clubes ganadores de las Ligas y Circuitos de las diferentes modalidades de deportes de invierno.<\/p>\n<p>El patinador aran\u00e9s,<strong> T\u00f2n C\u00f3nsul<\/strong>, recibi\u00f3 la medalla como Campe\u00f3n de Catalunya Absoluto. Este reconocimiento otorgado por la Uni\u00f3n de Federaciones Deportivas de Catalunya (UFEC) est\u00e1 dise\u00f1ado por el artista Benet Costa.<\/p>\n<p>Por otro lado, la deportista catalana de patinaje art\u00edstico sobre hielo, Marta Andrade, recibi\u00f3 el premio al m\u00e9rito deportivo. Marta finaliz\u00f3 su participaci\u00f3n en las competiciones en 2002 y actualmente trabaja como profesora titular de patinaje en la secci\u00f3n de Patinaje Art\u00edstico sobre hielo del FC Barcelona, colaborando en la formaci\u00f3n y entrenamiento deportivo de<strong> T\u00f2n C\u00f3nsul<\/strong>. Marta particip\u00f3 en dos Juegos Ol\u00edmpicos. Obtuvo la 20a posici\u00f3n en los Juegos Ol\u00edmpicos de invierno de 1994 en Lillehammer y la 22a a los Juegos Ol\u00edmpicos de invierno de 1998 en Nagano. Adem\u00e1s, particip\u00f3 en 11 Campeonatos del Mundo, 7 de Europa, 2 Universiadas y ha sido 12 veces Campeona de Espa\u00f1a y 13 de Catalunya.<\/p>\n<p><strong>T\u00f2n,<\/strong> firm\u00f3 este a\u00f1o un convenio con el <strong>Conselh Generau d\u2019Aran<\/strong> y <strong>Foment Torisme Val d\u2019Aran<\/strong> para promocionar el destino tur\u00edstico deportivo Val d\u2019Aran por el mundo, representada en la imagen y en los valores del joven patinador, y del equipo del que forma parte, mediante el patrocinio institucional.<\/p>\n ","protected":false},"excerpt":{"rendered":"<p>El pasado s\u00e1bado d\u00eda 17 de mayo, el Parque Ol\u00edmpico del Segre (La Seu d\u2019Urgell), acogi\u00f3 el acto de entrega de premios a los Campeones absolutos de las diferentes disciplines de deportes de invierno. \u00a0 La jornada reuni\u00f3 cerca de doscientas personas entre autoridades, deportistas e invitados. Durante el acto, se hizo entrega de las&#8230;<\/p>\n","protected":false},"author":2,"featured_media":3707,"comment_status":"closed","ping_status":"closed","sticky":false,"template":"","format":"standard","meta":{"footnotes":""},"categories":[34,37],"tags":[],"_links":{"self":[{"href":"https:\/\/www.conselharan.org\/es\/wp-json\/wp\/v2\/posts\/3710"}],"collection":[{"href":"https:\/\/www.conselharan.org\/es\/wp-json\/wp\/v2\/posts"}],"about":[{"href":"https:\/\/www.conselharan.org\/es\/wp-json\/wp\/v2\/types\/post"}],"author":[{"embeddable":true,"href":"https:\/\/www.conselharan.org\/es\/wp-json\/wp\/v2\/users\/2"}],"replies":[{"embeddable":true,"href":"https:\/\/www.conselharan.org\/es\/wp-json\/wp\/v2\/comments?post=3710"}],"version-history":[{"count":1,"href":"https:\/\/www.conselharan.org\/es\/wp-json\/wp\/v2\/posts\/3710\/revisions"}],"predecessor-version":[{"id":3711,"href":"https:\/\/www.conselharan.org\/es\/wp-json\/wp\/v2\/posts\/3710\/revisions\/3711"}],"wp:featuredmedia":[{"embeddable":true,"href":"https:\/\/www.conselharan.org\/es\/wp-json\/wp\/v2\/media\/3707"}],"wp:attachment":[{"href":"https:\/\/www.conselharan.org\/es\/wp-json\/wp\/v2\/media?parent=3710"}],"wp:term":[{"taxonomy":"category","embeddable":true,"href":"https:\/\/www.conselharan.org\/es\/wp-json\/wp\/v2\/categories?post=3710"},{"taxonomy":"post_tag","embeddable":true,"href":"https:\/\/www.conselharan.org\/es\/wp-json\/wp\/v2\/tags?post=3710"}],"curies":[{"name":"wp","href":"https:\/\/api.w.org\/{rel}","templated":true}]}}