{"id":3717,"date":"2014-05-22T09:04:12","date_gmt":"2014-05-22T07:04:12","guid":{"rendered":"http:\/\/www.conselharan.org\/?p=3717"},"modified":"2014-05-22T16:05:58","modified_gmt":"2014-05-22T14:05:58","slug":"el-club-aranes-desports-diuern-caei-gana-la-31a-lliga-catalana-de-infantiles-u1614","status":"publish","type":"post","link":"https:\/\/www.conselharan.org\/es\/el-club-aranes-desports-diuern-caei-gana-la-31a-lliga-catalana-de-infantiles-u1614\/","title":{"rendered":"EL CLUB ARAN\u00c9S D\u2019ESP\u00d2RTS D\u2019IU\u00c8RN (CAEI) GANA LA 31\u00aa \u201cLLIGA CATALANA\u201d DE INFANTILES (U16\/14)"},"content":{"rendered":"<p><a href=\"http:\/\/www.conselharan.org\/wp-content\/uploads\/2014\/05\/CAEI_31-LLIGA-CATALANA-1.jpg\"><img loading=\"lazy\" decoding=\"async\" class=\"aligncenter size-large wp-image-3713\" alt=\"CAEI_31 LLIGA CATALANA 1\" src=\"http:\/\/www.conselharan.org\/wp-content\/uploads\/2014\/05\/CAEI_31-LLIGA-CATALANA-1-1024x575.jpg\" width=\"1024\" height=\"575\" srcset=\"https:\/\/www.conselharan.org\/wp-content\/uploads\/2014\/05\/CAEI_31-LLIGA-CATALANA-1-1024x575.jpg 1024w, https:\/\/www.conselharan.org\/wp-content\/uploads\/2014\/05\/CAEI_31-LLIGA-CATALANA-1-300x168.jpg 300w, https:\/\/www.conselharan.org\/wp-content\/uploads\/2014\/05\/CAEI_31-LLIGA-CATALANA-1.jpg 1065w\" sizes=\"(max-width: 1024px) 100vw, 1024px\" \/><\/a><\/p>\n<p>Una vez finalizada la temporada de invierno 2013-2014, el pasado fin de semana se dio cita al tradicional reparto de premios de la Lliga Catalana que se organizo en el Parc del Segre de la Seu d\u2019Urgell, dicho acto fue presidido por el presidente de la FCEH, \u00d3scar Cruz y acompa\u00f1ado por el presidente de la RFEDI, Eduardo Rold\u00e1n.<\/p>\n<p>Despu\u00e9s de competir en todas las carreras de la Lliga Catalana, organizada por la FCEH y los diferentes Clubes, los corredores y los Clubes Catalanes obtienen una suma de puntos que da la clasificaci\u00f3n final. El <strong>CAEI<\/strong>, patrocinado por AUDI-Superwagen y con representaci\u00f3n deportiva en las diferentes categor\u00edas de la Lliga Catalana, ha ganado 31\u00aa \u201cLliga Catalana\u201d de Infantiles grupos U16\/14. Esta es la \u00fanica liga oficial del estado Espa\u00f1ol.<\/p>\n<p><em><strong>Clasificaci\u00f3n por Clubes 31\u00aa Lliga Catalana categor\u00eda Infantil, U16\/14<\/strong><\/em><\/p>\n<p><strong>1\u00ba CAEI 10.036 puntos<\/strong><br \/>\n2\u00ba CANM-C 5.925 puntos<br \/>\n3\u00ba LMCE 5.151 puntos<\/p>\n<p>En<em><strong> U16 hombres<\/strong><\/em>, destacar la 1era plaza de <strong>AINGERU GARAI<\/strong> con 1.100 puntos, 3era de BORJA SABUGAL con 770, 4\u00aa de <strong>RAMON BARRUFET<\/strong> con 730 y la 5\u00aa posici\u00f3n de<strong> ADRIA CUNYAT<\/strong> con 624.<\/p>\n<p>En <em><strong>U16 Damas,<\/strong><\/em> la mejor del <strong>CAEI<\/strong> fue <strong>MIREN MIQUEL<\/strong>, 5\u00aa con 666 puntos.<\/p>\n<p>En <em><strong>U14 Damas<\/strong><\/em>, destacar la 3era plaza de <strong>ELSA MARISTANY<\/strong> con 868 puntos seguida por sus compa\u00f1eras de grupo <strong>CLARA ALBERT<\/strong> 4\u00aa con 867 puntos y <strong>CARMELA OLMO<\/strong> 5\u00aa con 844 puntos.<\/p>\n<p>En la Lliga Catalana punt\u00faan siempre los 10 primeros clasificados y estos dan sus puntos al Club para poder determinar las clasificaciones finales por Clubes.<\/p>\n ","protected":false},"excerpt":{"rendered":"<p>Una vez finalizada la temporada de invierno 2013-2014, el pasado fin de semana se dio cita al tradicional reparto de premios de la Lliga Catalana que se organizo en el Parc del Segre de la Seu d\u2019Urgell, dicho acto fue presidido por el presidente de la FCEH, \u00d3scar Cruz y acompa\u00f1ado por el presidente de&#8230;<\/p>\n","protected":false},"author":2,"featured_media":3713,"comment_status":"closed","ping_status":"closed","sticky":false,"template":"","format":"standard","meta":{"footnotes":""},"categories":[34,37],"tags":[],"_links":{"self":[{"href":"https:\/\/www.conselharan.org\/es\/wp-json\/wp\/v2\/posts\/3717"}],"collection":[{"href":"https:\/\/www.conselharan.org\/es\/wp-json\/wp\/v2\/posts"}],"about":[{"href":"https:\/\/www.conselharan.org\/es\/wp-json\/wp\/v2\/types\/post"}],"author":[{"embeddable":true,"href":"https:\/\/www.conselharan.org\/es\/wp-json\/wp\/v2\/users\/2"}],"replies":[{"embeddable":true,"href":"https:\/\/www.conselharan.org\/es\/wp-json\/wp\/v2\/comments?post=3717"}],"version-history":[{"count":1,"href":"https:\/\/www.conselharan.org\/es\/wp-json\/wp\/v2\/posts\/3717\/revisions"}],"predecessor-version":[{"id":3718,"href":"https:\/\/www.conselharan.org\/es\/wp-json\/wp\/v2\/posts\/3717\/revisions\/3718"}],"wp:featuredmedia":[{"embeddable":true,"href":"https:\/\/www.conselharan.org\/es\/wp-json\/wp\/v2\/media\/3713"}],"wp:attachment":[{"href":"https:\/\/www.conselharan.org\/es\/wp-json\/wp\/v2\/media?parent=3717"}],"wp:term":[{"taxonomy":"category","embeddable":true,"href":"https:\/\/www.conselharan.org\/es\/wp-json\/wp\/v2\/categories?post=3717"},{"taxonomy":"post_tag","embeddable":true,"href":"https:\/\/www.conselharan.org\/es\/wp-json\/wp\/v2\/tags?post=3717"}],"curies":[{"name":"wp","href":"https:\/\/api.w.org\/{rel}","templated":true}]}}