{"id":37869,"date":"2020-11-20T14:54:49","date_gmt":"2020-11-20T13:54:49","guid":{"rendered":"https:\/\/www.conselharan.org\/era-sindica-daran-sollicite-que-samasse-era-comission-bilaterau-entre-eth-conselh-generau-e-era-generalitat\/"},"modified":"2020-11-20T15:00:55","modified_gmt":"2020-11-20T14:00:55","slug":"era-sindica-daran-sollicite-que-samasse-era-comission-bilaterau-entre-eth-conselh-generau-e-era-generalitat","status":"publish","type":"post","link":"https:\/\/www.conselharan.org\/es\/era-sindica-daran-sollicite-que-samasse-era-comission-bilaterau-entre-eth-conselh-generau-e-era-generalitat\/","title":{"rendered":"La s\u00edndica de Aran solicita que se re\u00fana la Comisi\u00f3n Bilateral entre el Conselh Generau y la Generalitat"},"content":{"rendered":"<p><a href=\"https:\/\/www.conselharan.org\/wp-content\/uploads\/2020\/11\/Conselh-1-1024x681-1.jpg\"><img loading=\"lazy\" decoding=\"async\" class=\"aligncenter wp-image-37864 size-full\" src=\"https:\/\/www.conselharan.org\/wp-content\/uploads\/2020\/11\/Conselh-1-1024x681-1.jpg\" alt=\"\" width=\"1024\" height=\"681\" srcset=\"https:\/\/www.conselharan.org\/wp-content\/uploads\/2020\/11\/Conselh-1-1024x681-1.jpg 1024w, https:\/\/www.conselharan.org\/wp-content\/uploads\/2020\/11\/Conselh-1-1024x681-1-300x200.jpg 300w, https:\/\/www.conselharan.org\/wp-content\/uploads\/2020\/11\/Conselh-1-1024x681-1-768x511.jpg 768w\" sizes=\"(max-width: 1024px) 100vw, 1024px\" \/><\/a><\/p>\n<ul>\n<li>\n<h3><strong>La s\u00edndica de Aran ha dirigido una carta a la consejera de Presidencia de la Generalitat para convocar una reuni\u00f3n de la Comisi\u00f3n Bilateral entre ambos gobiernos antes de finalizar el a\u00f1o para tratar asuntos de trascendencia para Aran como el plan de apertura de actividades y sus afectaciones sobre el territorio, as\u00ed como otros como la sanidad o la lengua <\/strong><\/h3>\n<\/li>\n<\/ul>\n<p>La s\u00edndica de Aran, Maria Verg\u00e9s, se ha dirigido a la consejera de Presidencia de la Generalitat de Catalunya, Meritxell Bud\u00f3, para solicitar una reuni\u00f3n de la Comisi\u00f3n Bilateral de los gobiernos de la Generalitat y el Conselh Generau d\u2019Aran, tal como establece la Ley 1\/2015 de R\u00e9gimen Especial de Aran, que dice que esta Comisi\u00f3n debe reunirse, al menos, una vez al a\u00f1o.<\/p>\n<p>\u201cEn estos momentos, a pesar de que la Comisi\u00f3n se reuni\u00f3 en el mes de enero, son diversos los asuntos de inter\u00e9s y trascendencia para Aran que requieren poder tratarse en este ente antes de acabar el a\u00f1o\u201d, afirmaba la s\u00edndica de Aran, a\u00f1adiendo que: \u201ces por ello que hemos solicitado poder llevar a cabo una reuni\u00f3n de esta Comisi\u00f3n Bilateral.<\/p>\n<p>Ante la publicaci\u00f3n de las medidas del plan de apertura de actividades de la Generalitat, la s\u00edndica ha manifestado que: \u201ces necesario que estas decisiones que afectan de forma tan directa a nuestro territorio sean consensuadas con el gobierno del Conselh Generau d\u2019Aran\u201d. En este sentido, Verg\u00e9s ya ha hecho llegar esta semana una carta al consejero de Interior de la Generalitat, Miquel S\u00e0mper, para solicitar que el Conselh Generau forme parte del PROCICAT, de forma que la Val d\u2019Aran pueda participar en la toma de decisiones y pueda hacer llegar as\u00ed la realidad de la singularidad aranesa y de su autogobierno.<\/p>\n<p>Sin embargo, la s\u00edndica de Aran ha insistido en la necesidad \u201cde seguir las medidas establecidas por las autoridades competentes para conseguir bajar el riesgo de rebrote en el territorio para poder asegurar, en base a las medidas establecidas en el plan de apertura, que se pueda llevar a cabo la temporada tur\u00edstica de invierno\u201d.<\/p>\n<p>Adem\u00e1s, en esta Comisi\u00f3n Bilateral se tendr\u00edan que tratar tambi\u00e9n asuntos primordiales y trascendentes para el gobierno del Conselh Generau d\u2019Aran como es el estado del sistema sanitario aran\u00e9s, especialmente en estos momentos de pandemia, y tambi\u00e9n otros relacionados con la lengua propia de Aran y el deporte.<\/p>\n ","protected":false},"excerpt":{"rendered":"<p>La s\u00edndica de Aran ha dirigido una carta a la consejera de Presidencia de la Generalitat para convocar una reuni\u00f3n de la Comisi\u00f3n Bilateral entre ambos gobiernos antes de finalizar el a\u00f1o para tratar asuntos de trascendencia para Aran como el plan de apertura de actividades y sus afectaciones sobre el territorio, as\u00ed como otros&#8230;<\/p>\n","protected":false},"author":10,"featured_media":37866,"comment_status":"closed","ping_status":"closed","sticky":false,"template":"","format":"standard","meta":{"footnotes":""},"categories":[52],"tags":[],"_links":{"self":[{"href":"https:\/\/www.conselharan.org\/es\/wp-json\/wp\/v2\/posts\/37869"}],"collection":[{"href":"https:\/\/www.conselharan.org\/es\/wp-json\/wp\/v2\/posts"}],"about":[{"href":"https:\/\/www.conselharan.org\/es\/wp-json\/wp\/v2\/types\/post"}],"author":[{"embeddable":true,"href":"https:\/\/www.conselharan.org\/es\/wp-json\/wp\/v2\/users\/10"}],"replies":[{"embeddable":true,"href":"https:\/\/www.conselharan.org\/es\/wp-json\/wp\/v2\/comments?post=37869"}],"version-history":[{"count":1,"href":"https:\/\/www.conselharan.org\/es\/wp-json\/wp\/v2\/posts\/37869\/revisions"}],"predecessor-version":[{"id":37870,"href":"https:\/\/www.conselharan.org\/es\/wp-json\/wp\/v2\/posts\/37869\/revisions\/37870"}],"wp:featuredmedia":[{"embeddable":true,"href":"https:\/\/www.conselharan.org\/es\/wp-json\/wp\/v2\/media\/37866"}],"wp:attachment":[{"href":"https:\/\/www.conselharan.org\/es\/wp-json\/wp\/v2\/media?parent=37869"}],"wp:term":[{"taxonomy":"category","embeddable":true,"href":"https:\/\/www.conselharan.org\/es\/wp-json\/wp\/v2\/categories?post=37869"},{"taxonomy":"post_tag","embeddable":true,"href":"https:\/\/www.conselharan.org\/es\/wp-json\/wp\/v2\/tags?post=37869"}],"curies":[{"name":"wp","href":"https:\/\/api.w.org\/{rel}","templated":true}]}}