{"id":38140,"date":"2020-12-05T12:25:39","date_gmt":"2020-12-05T11:25:39","guid":{"rendered":"https:\/\/www.conselharan.org\/eth-conselh-generau-daran-inicie-era-campanha-aguest-nadau-consumis-en-aran\/"},"modified":"2020-12-05T12:26:30","modified_gmt":"2020-12-05T11:26:30","slug":"eth-conselh-generau-daran-inicie-era-campanha-aguest-nadau-consumis-en-aran","status":"publish","type":"post","link":"https:\/\/www.conselharan.org\/es\/eth-conselh-generau-daran-inicie-era-campanha-aguest-nadau-consumis-en-aran\/","title":{"rendered":"El Conselh Generau d\u2019Aran inicia la campa\u00f1a \u201cEsta Navidad, consume en Aran\u201d"},"content":{"rendered":"<p><a href=\"https:\/\/www.conselharan.org\/wp-content\/uploads\/2020\/12\/2E278D9F-8F2A-4B49-B88E-5BB5ABCB7CE0.jpeg\"><img loading=\"lazy\" decoding=\"async\" class=\"aligncenter wp-image-38135 size-large\" src=\"https:\/\/www.conselharan.org\/wp-content\/uploads\/2020\/12\/2E278D9F-8F2A-4B49-B88E-5BB5ABCB7CE0-1024x1024.jpeg\" alt=\"\" width=\"1024\" height=\"1024\" srcset=\"https:\/\/www.conselharan.org\/wp-content\/uploads\/2020\/12\/2E278D9F-8F2A-4B49-B88E-5BB5ABCB7CE0-1024x1024.jpeg 1024w, https:\/\/www.conselharan.org\/wp-content\/uploads\/2020\/12\/2E278D9F-8F2A-4B49-B88E-5BB5ABCB7CE0-300x300.jpeg 300w, https:\/\/www.conselharan.org\/wp-content\/uploads\/2020\/12\/2E278D9F-8F2A-4B49-B88E-5BB5ABCB7CE0-150x150.jpeg 150w, https:\/\/www.conselharan.org\/wp-content\/uploads\/2020\/12\/2E278D9F-8F2A-4B49-B88E-5BB5ABCB7CE0-768x768.jpeg 768w, https:\/\/www.conselharan.org\/wp-content\/uploads\/2020\/12\/2E278D9F-8F2A-4B49-B88E-5BB5ABCB7CE0-270x270.jpeg 270w, https:\/\/www.conselharan.org\/wp-content\/uploads\/2020\/12\/2E278D9F-8F2A-4B49-B88E-5BB5ABCB7CE0-207x207.jpeg 207w, https:\/\/www.conselharan.org\/wp-content\/uploads\/2020\/12\/2E278D9F-8F2A-4B49-B88E-5BB5ABCB7CE0-75x75.jpeg 75w, https:\/\/www.conselharan.org\/wp-content\/uploads\/2020\/12\/2E278D9F-8F2A-4B49-B88E-5BB5ABCB7CE0.jpeg 1182w\" sizes=\"(max-width: 1024px) 100vw, 1024px\" \/><\/a><\/p>\n<ul>\n<li>\n<h3><strong>Esta iniciativa, promovida por el Conselh Generau a trav\u00e9s de Foment Torisme Val d\u2019Aran, tiene como objetivo promover e incentivar el consumo local y de proximidad en estas fechas en las cuales se produce un aumento de la actividad en el sector<\/strong><\/h3>\n<\/li>\n<\/ul>\n<p>El gobierno del Conselh Generau d\u2019Aran, a trav\u00e9s de Foment Torisme Val d\u2019Aran, ha lanzado la campa\u00f1a \u201cEsta Navidad, consume en Aran\u201d, para incentivar el consumo local y de proximidad en estas fechas tan se\u00f1aladas.<\/p>\n<p>\u201cAhora m\u00e1s que nunca es necesario fomentar el comercio local y artesanal, sobre todo de cara a las fiestas de Navidad, cuando es m\u00e1s habitual un incremento de actividad en este sector\u201d, aseguraba el consejero de Econom\u00eda, Turismo y Promoci\u00f3n Econ\u00f3mica, Juan Antonio Serrano, a\u00f1adiendo que: \u201cactualmente es muy habitual el consumo online de todo tipo de productos, pero nos encontramos en una situaci\u00f3n en la que tenemos que dar apoyo a nuestros negocios, puesto que la Val d\u2019Aran ofrece la posibilidad de adquirir una amplia variedad de productos de gran calidad de todo tipo: textiles, artesanales, agroalimentarios, deportivos, infantiles\u2026\u201d.<\/p>\n<p>En este sentido, el consejero de Econom\u00eda, Turismo y Promoci\u00f3n Econ\u00f3mica, Josep Canut, afirmaba que: \u201cya en el inicio de la pandemia lanzamos la campa\u00f1a <em>Piensa en Aran, consume nuestro comercio<\/em>, para concienciar a la poblaci\u00f3n de la necesidad de dar apoyo a nuestro tejido empresarial\u201d y a\u00f1ade que: \u201cadem\u00e1s de la activaci\u00f3n econ\u00f3mica que comporta este tipo de comercio, es obvio que cada vez existe una mayor concienciaci\u00f3n de la poblaci\u00f3n hacia el respeto del medio ambiente, y el consumo de productos de proximidad es bastante m\u00e1s sostenible\u201d.<\/p>\n<p>La campa\u00f1a \u201cEsta Navidad, consume en Aran\u201d se alargar\u00e1 durante todas las fiestas.<\/p>\n ","protected":false},"excerpt":{"rendered":"<p>Esta iniciativa, promovida por el Conselh Generau a trav\u00e9s de Foment Torisme Val d\u2019Aran, tiene como objetivo promover e incentivar el consumo local y de proximidad en estas fechas en las cuales se produce un aumento de la actividad en el sector El gobierno del Conselh Generau d\u2019Aran, a trav\u00e9s de Foment Torisme Val d\u2019Aran,&#8230;<\/p>\n","protected":false},"author":10,"featured_media":38137,"comment_status":"closed","ping_status":"closed","sticky":false,"template":"","format":"standard","meta":{"footnotes":""},"categories":[34,137],"tags":[],"_links":{"self":[{"href":"https:\/\/www.conselharan.org\/es\/wp-json\/wp\/v2\/posts\/38140"}],"collection":[{"href":"https:\/\/www.conselharan.org\/es\/wp-json\/wp\/v2\/posts"}],"about":[{"href":"https:\/\/www.conselharan.org\/es\/wp-json\/wp\/v2\/types\/post"}],"author":[{"embeddable":true,"href":"https:\/\/www.conselharan.org\/es\/wp-json\/wp\/v2\/users\/10"}],"replies":[{"embeddable":true,"href":"https:\/\/www.conselharan.org\/es\/wp-json\/wp\/v2\/comments?post=38140"}],"version-history":[{"count":1,"href":"https:\/\/www.conselharan.org\/es\/wp-json\/wp\/v2\/posts\/38140\/revisions"}],"predecessor-version":[{"id":38141,"href":"https:\/\/www.conselharan.org\/es\/wp-json\/wp\/v2\/posts\/38140\/revisions\/38141"}],"wp:featuredmedia":[{"embeddable":true,"href":"https:\/\/www.conselharan.org\/es\/wp-json\/wp\/v2\/media\/38137"}],"wp:attachment":[{"href":"https:\/\/www.conselharan.org\/es\/wp-json\/wp\/v2\/media?parent=38140"}],"wp:term":[{"taxonomy":"category","embeddable":true,"href":"https:\/\/www.conselharan.org\/es\/wp-json\/wp\/v2\/categories?post=38140"},{"taxonomy":"post_tag","embeddable":true,"href":"https:\/\/www.conselharan.org\/es\/wp-json\/wp\/v2\/tags?post=38140"}],"curies":[{"name":"wp","href":"https:\/\/api.w.org\/{rel}","templated":true}]}}