{"id":38201,"date":"2020-12-08T10:57:53","date_gmt":"2020-12-08T09:57:53","guid":{"rendered":"https:\/\/www.conselharan.org\/era-sindica-daran-exigis-ara-generalitat-un-tracte-equitatiu-ena-frontera-damb-franca\/"},"modified":"2020-12-08T10:58:48","modified_gmt":"2020-12-08T09:58:48","slug":"era-sindica-daran-exigis-ara-generalitat-un-tracte-equitatiu-ena-frontera-damb-franca","status":"publish","type":"post","link":"https:\/\/www.conselharan.org\/es\/era-sindica-daran-exigis-ara-generalitat-un-tracte-equitatiu-ena-frontera-damb-franca\/","title":{"rendered":"La s\u00edndica de Aran exige a la Generalitat un trato equitativo en la frontera con Francia"},"content":{"rendered":"<p><a href=\"https:\/\/www.conselharan.org\/wp-content\/uploads\/2020\/12\/Conselh-1-1024x681-1.jpg\"><img loading=\"lazy\" decoding=\"async\" class=\"aligncenter wp-image-38195 size-full\" src=\"https:\/\/www.conselharan.org\/wp-content\/uploads\/2020\/12\/Conselh-1-1024x681-1.jpg\" alt=\"\" width=\"1024\" height=\"681\" srcset=\"https:\/\/www.conselharan.org\/wp-content\/uploads\/2020\/12\/Conselh-1-1024x681-1.jpg 1024w, https:\/\/www.conselharan.org\/wp-content\/uploads\/2020\/12\/Conselh-1-1024x681-1-300x200.jpg 300w, https:\/\/www.conselharan.org\/wp-content\/uploads\/2020\/12\/Conselh-1-1024x681-1-768x511.jpg 768w\" sizes=\"(max-width: 1024px) 100vw, 1024px\" \/><\/a><\/p>\n<ul>\n<li>\n<h3><strong>Despu\u00e9s de conocer que la Generalitat estudia la petici\u00f3n de Andorra y la comarca del Alt Urgell para equiparar el Principado con esta comarca y levantar las restricciones de movilidad entre ambos lados de la frontera, lo que tendr\u00eda un impacto muy negativo en el sector tur\u00edstico y econ\u00f3mico aran\u00e9s de no aplicarse un trato equitativo con Aran, la s\u00edndica de Aran ha dirigido una carta al presidente en funciones de la Generalitat de Catalunya<\/strong><\/h3>\n<\/li>\n<\/ul>\n<p>La s\u00edndica de Aran, Maria Verg\u00e9s, se ha dirigido por carta al presidente de la Generalitat en funciones, Pere Aragon\u00e9s, para reclamar que se retome la movilidad entre la Val d\u2019Aran y Francia, despu\u00e9s de conocer que Andorra y los departamentos franceses d\u2019Ari\u00e8ge y los Pirineos Orientales ya la retomaron el pasado 4 de diciembre.<\/p>\n<p>La s\u00edndica de Aran manifestaba en la carta dirigida al presidente en funciones que: \u201csomos totalmente conscientes de la situaci\u00f3n provocada por la COVID-19 y de la necesidad de aplicar las medidas y restricciones para controlar el virus, a\u00fan as\u00ed tambi\u00e9n consideramos que es necesario que todos los territorios podamos contar con las mismas oportunidades para que nuestra ciudadan\u00eda haga frente esta crisis con las m\u00e1ximas garant\u00edas, sobre todo tambi\u00e9n teniendo en la cuenta que actualmente la Val d\u2019Aran es el territorio con menos riesgo de rebrote de Catalunya\u201d y a\u00f1ad\u00eda que \u201csi en la pr\u00f3xima reuni\u00f3n del PROCICAT se aprueba la petici\u00f3n de Andorra, la comarca del Alt Urgell y el Ayuntamiento de La Seu d\u2019Urgell, se tiene que aplicar la misma medida respeto a la Val d\u2019Aran\u201d puesto que de otra forma \u201cAran estar\u00eda siendo tratada de forma injusta y desigual\u201d.<\/p>\n<p>Asimismo, Verg\u00e9s remarcaba la importancia que la econom\u00eda de frontera tiene para el Bajo Aran dado que \u201ccomparte un espacio com\u00fan de intercambio de relaciones laborales, de servicios y, sobre todo, econ\u00f3micas, haciendo que el sistema socioecon\u00f3mico de esta parte de la Val d\u2019Aran dependa en gran medida de la relaci\u00f3n con Francia\u201d, afirmaba en su misiva, a\u00f1adiendo que: \u201ca causa de esto, pedimos que, siguiendo el ejemplo y petici\u00f3n de Andorra y el Alt Urgell, la Generalitat de Catalunya realice las gestiones oportunas para que esta f\u00f3rmula se pueda aplicar tambi\u00e9n en Aran\u201d.<\/p>\n<p>En este sentido, cabe recordar que el consejero de Gobernaci\u00f3n del Conselh Generau, Amador Marqu\u00e9s, ya se dirigi\u00f3 por carta tambi\u00e9n al consejero de Acci\u00f3n Exterior, Relaciones Institucionales y Transparencia de la Generalitat, Bernat Sol\u00e9, solicitando armonizar las restricciones entre ambos lados de la frontera con Francia.<\/p>\n ","protected":false},"excerpt":{"rendered":"<p>Despu\u00e9s de conocer que la Generalitat estudia la petici\u00f3n de Andorra y la comarca del Alt Urgell para equiparar el Principado con esta comarca y levantar las restricciones de movilidad entre ambos lados de la frontera, lo que tendr\u00eda un impacto muy negativo en el sector tur\u00edstico y econ\u00f3mico aran\u00e9s de no aplicarse un trato&#8230;<\/p>\n","protected":false},"author":10,"featured_media":38197,"comment_status":"closed","ping_status":"closed","sticky":false,"template":"","format":"standard","meta":{"footnotes":""},"categories":[52,137],"tags":[],"_links":{"self":[{"href":"https:\/\/www.conselharan.org\/es\/wp-json\/wp\/v2\/posts\/38201"}],"collection":[{"href":"https:\/\/www.conselharan.org\/es\/wp-json\/wp\/v2\/posts"}],"about":[{"href":"https:\/\/www.conselharan.org\/es\/wp-json\/wp\/v2\/types\/post"}],"author":[{"embeddable":true,"href":"https:\/\/www.conselharan.org\/es\/wp-json\/wp\/v2\/users\/10"}],"replies":[{"embeddable":true,"href":"https:\/\/www.conselharan.org\/es\/wp-json\/wp\/v2\/comments?post=38201"}],"version-history":[{"count":1,"href":"https:\/\/www.conselharan.org\/es\/wp-json\/wp\/v2\/posts\/38201\/revisions"}],"predecessor-version":[{"id":38202,"href":"https:\/\/www.conselharan.org\/es\/wp-json\/wp\/v2\/posts\/38201\/revisions\/38202"}],"wp:featuredmedia":[{"embeddable":true,"href":"https:\/\/www.conselharan.org\/es\/wp-json\/wp\/v2\/media\/38197"}],"wp:attachment":[{"href":"https:\/\/www.conselharan.org\/es\/wp-json\/wp\/v2\/media?parent=38201"}],"wp:term":[{"taxonomy":"category","embeddable":true,"href":"https:\/\/www.conselharan.org\/es\/wp-json\/wp\/v2\/categories?post=38201"},{"taxonomy":"post_tag","embeddable":true,"href":"https:\/\/www.conselharan.org\/es\/wp-json\/wp\/v2\/tags?post=38201"}],"curies":[{"name":"wp","href":"https:\/\/api.w.org\/{rel}","templated":true}]}}