{"id":38266,"date":"2020-12-12T10:57:49","date_gmt":"2020-12-12T09:57:49","guid":{"rendered":"https:\/\/www.conselharan.org\/era-sindica-daran-sollicite-ara-generalitat-eth-lheuament-des-restriccions-de-mobilitat-des-dimenjades\/"},"modified":"2020-12-12T11:00:11","modified_gmt":"2020-12-12T10:00:11","slug":"era-sindica-daran-sollicite-ara-generalitat-eth-lheuament-des-restriccions-de-mobilitat-des-dimenjades","status":"publish","type":"post","link":"https:\/\/www.conselharan.org\/es\/era-sindica-daran-sollicite-ara-generalitat-eth-lheuament-des-restriccions-de-mobilitat-des-dimenjades\/","title":{"rendered":"La s\u00edndica d\u2019Aran solicita a la Generalitat el levantamiento de las restricciones de movilidad de los fines de semana"},"content":{"rendered":"<p><a href=\"https:\/\/www.conselharan.org\/wp-content\/uploads\/2020\/12\/CARTA-_VICEPRESIDENT-GENERALITAT_-11122020_pages-to-jpg-0001.jpg\"><img loading=\"lazy\" decoding=\"async\" class=\"aligncenter wp-image-38255 size-large\" src=\"https:\/\/www.conselharan.org\/wp-content\/uploads\/2020\/12\/CARTA-_VICEPRESIDENT-GENERALITAT_-11122020_pages-to-jpg-0001-724x1024.jpg\" alt=\"\" width=\"724\" height=\"1024\" srcset=\"https:\/\/www.conselharan.org\/wp-content\/uploads\/2020\/12\/CARTA-_VICEPRESIDENT-GENERALITAT_-11122020_pages-to-jpg-0001-724x1024.jpg 724w, https:\/\/www.conselharan.org\/wp-content\/uploads\/2020\/12\/CARTA-_VICEPRESIDENT-GENERALITAT_-11122020_pages-to-jpg-0001-212x300.jpg 212w, https:\/\/www.conselharan.org\/wp-content\/uploads\/2020\/12\/CARTA-_VICEPRESIDENT-GENERALITAT_-11122020_pages-to-jpg-0001-768x1086.jpg 768w, https:\/\/www.conselharan.org\/wp-content\/uploads\/2020\/12\/CARTA-_VICEPRESIDENT-GENERALITAT_-11122020_pages-to-jpg-0001-1086x1536.jpg 1086w, https:\/\/www.conselharan.org\/wp-content\/uploads\/2020\/12\/CARTA-_VICEPRESIDENT-GENERALITAT_-11122020_pages-to-jpg-0001.jpg 1241w\" sizes=\"(max-width: 724px) 100vw, 724px\" \/><\/a><\/p>\n<p><strong>\u00a0<\/strong><\/p>\n<ul>\n<li>\n<h3><strong>La s\u00edndica de Aran envi\u00f3 ayer otra carta a los consejeros de Salud e Interior de la Generalitat de Catalunya as\u00ed como al presidente en funciones para que se levanten las restricciones de movilidad los fines de semana despu\u00e9s del anuncio de la apertura de las estaciones de esqu\u00ed el pr\u00f3ximo d\u00eda 14 y ante las buenos datos epidemiol\u00f3gicos actuales en Aran<\/strong><\/h3>\n<\/li>\n<li>\n<h3><strong>Tras el anuncio que hizo el gobierno catal\u00e1n de aplicar medidas asim\u00e9tricas en funci\u00f3n de la situaci\u00f3n epidemiol\u00f3gica de cada territorio, la s\u00edndica de Aran pidi\u00f3 terminar con las restricciones de movilidad vigentes los fines de semana durante las fiestas de navidad, siempre aplicando las medidas y protocolos necesarios para controlar los datos de COVID-19 en Aran<\/strong><\/h3>\n<\/li>\n<\/ul>\n<p>Durante el d\u00eda de ayer se comunic\u00f3 que las estaciones de esqu\u00ed catalanas, de acuerdo con el gobierno de la Generalitat, abrir\u00e1n el d\u00eda 14 de diciembre de forma gradual y de conformidad con el plan de apertura progresiva de actividades. Para la s\u00edndica de Aran \u201cesta es una muy buena noticia para el sector puesto que ayudar\u00e1 a activar la econom\u00eda de muchos territorios de monta\u00f1a, sin embargo para la Val d\u2019Aran esta apertura queda totalmente condicionada y reducida a causa de las restricciones de movilidad, especialmente las de los fines de semana\u201d<\/p>\n<p>Es por ello que la s\u00edndica de Aran, Maria Verg\u00e9s, se ha dirigido nuevamente al presidente en funciones de la Generalitat de Catalunya, Pere Aragon\u00e8s, a la consejera de Salud, Alba Verg\u00e9s, y al consejero de Interior, Miquel S\u00e0mper, para solicitar al gobierno catal\u00e1n \u201cque se levanten las limitaciones de movilidad vigentes de viernes a lunes, en lo referente al confinamiento municipal y comarcal\u201d.<\/p>\n<p>La s\u00edndica de Aran manifestaba en estas cartas que: \u201csomos totalmente conscientes de la situaci\u00f3n provocada por la COVID-19 y de la necesidad de aplicar las medidas y restricciones para controlar el virus, pero atendiendo al anuncio hecho por el propio gobierno de la Generalitat en la presentaci\u00f3n del Plan de Apertura, donde se manifest\u00f3 la posibilidad de aplicar medidas asim\u00e9tricas en funci\u00f3n de la situaci\u00f3n epidemiol\u00f3gica y, teniendo en cuenta los buenos datos que tiene actualmente la Val d\u2019Aran, pedimos poder levantar estas restricciones\u201d y a\u00f1ad\u00eda que para el gobierno de Aran \u201cesta petici\u00f3n es clave para que nuestro territorio pueda activar su econom\u00eda y se evita el cierre de negocios de los que dependen muchas familias aranesas\u201d.<\/p>\n<p>En estas misivas, Verg\u00e9s volvi\u00f3 a insistir tambi\u00e9n en que se reprenda la movilidad con Francia, de la misma forma que se estudia hacer con la comarca del Alt Urgell y el Principado de Andorra\u201d.<\/p>\n ","protected":false},"excerpt":{"rendered":"<p>\u00a0 La s\u00edndica de Aran envi\u00f3 ayer otra carta a los consejeros de Salud e Interior de la Generalitat de Catalunya as\u00ed como al presidente en funciones para que se levanten las restricciones de movilidad los fines de semana despu\u00e9s del anuncio de la apertura de las estaciones de esqu\u00ed el pr\u00f3ximo d\u00eda 14 y&#8230;<\/p>\n","protected":false},"author":10,"featured_media":38257,"comment_status":"closed","ping_status":"closed","sticky":false,"template":"","format":"standard","meta":{"footnotes":""},"categories":[34,137],"tags":[],"_links":{"self":[{"href":"https:\/\/www.conselharan.org\/es\/wp-json\/wp\/v2\/posts\/38266"}],"collection":[{"href":"https:\/\/www.conselharan.org\/es\/wp-json\/wp\/v2\/posts"}],"about":[{"href":"https:\/\/www.conselharan.org\/es\/wp-json\/wp\/v2\/types\/post"}],"author":[{"embeddable":true,"href":"https:\/\/www.conselharan.org\/es\/wp-json\/wp\/v2\/users\/10"}],"replies":[{"embeddable":true,"href":"https:\/\/www.conselharan.org\/es\/wp-json\/wp\/v2\/comments?post=38266"}],"version-history":[{"count":1,"href":"https:\/\/www.conselharan.org\/es\/wp-json\/wp\/v2\/posts\/38266\/revisions"}],"predecessor-version":[{"id":38267,"href":"https:\/\/www.conselharan.org\/es\/wp-json\/wp\/v2\/posts\/38266\/revisions\/38267"}],"wp:featuredmedia":[{"embeddable":true,"href":"https:\/\/www.conselharan.org\/es\/wp-json\/wp\/v2\/media\/38257"}],"wp:attachment":[{"href":"https:\/\/www.conselharan.org\/es\/wp-json\/wp\/v2\/media?parent=38266"}],"wp:term":[{"taxonomy":"category","embeddable":true,"href":"https:\/\/www.conselharan.org\/es\/wp-json\/wp\/v2\/categories?post=38266"},{"taxonomy":"post_tag","embeddable":true,"href":"https:\/\/www.conselharan.org\/es\/wp-json\/wp\/v2\/tags?post=38266"}],"curies":[{"name":"wp","href":"https:\/\/api.w.org\/{rel}","templated":true}]}}