{"id":3936,"date":"2014-06-12T13:13:55","date_gmt":"2014-06-12T11:13:55","guid":{"rendered":"http:\/\/www.conselharan.org\/?p=3936"},"modified":"2014-06-12T13:15:18","modified_gmt":"2014-06-12T11:15:18","slug":"3936","status":"publish","type":"post","link":"https:\/\/www.conselharan.org\/es\/3936\/","title":{"rendered":"Primer debate de la proposici\u00f3n de ley del r\u00e9gimen especial de Aran"},"content":{"rendered":"<p><strong>En el debate intervinieron \u00c0lex Moga, diputado de CiU en el Parlamento de Catalunya y alcalde de Vielha e Mijaran, que ha sido el diputado relator de la ponencia, Josep Cosconera (ERC), \u00d2scar Ordeig (PSC), Dolors L\u00f3pez (PPC), Sara Vil\u00e0 (ICV-EUiA), Carina Mej\u00edas (C&#8217;s) e Isabel Vallet (CUP).<\/strong><\/p>\n<p><strong>Desde el palco lo sigui\u00f3 una delegaci\u00f3n de la Aran, encabezada por el sindic de Aran, Carlos Barrera.<\/strong><\/p>\n<p><a href=\"http:\/\/www.conselharan.org\/wp-content\/uploads\/2014\/06\/11062014_ARAN_LLOTJA.jpg\"><img loading=\"lazy\" decoding=\"async\" class=\"aligncenter size-large wp-image-3929\" alt=\"11062014_ARAN_LLOTJA\" src=\"http:\/\/www.conselharan.org\/wp-content\/uploads\/2014\/06\/11062014_ARAN_LLOTJA-1024x682.jpg\" width=\"1024\" height=\"682\" srcset=\"https:\/\/www.conselharan.org\/wp-content\/uploads\/2014\/06\/11062014_ARAN_LLOTJA-1024x682.jpg 1024w, https:\/\/www.conselharan.org\/wp-content\/uploads\/2014\/06\/11062014_ARAN_LLOTJA-300x200.jpg 300w, https:\/\/www.conselharan.org\/wp-content\/uploads\/2014\/06\/11062014_ARAN_LLOTJA.jpg 1920w\" sizes=\"(max-width: 1024px) 100vw, 1024px\" \/><\/a><\/p>\n<p>Ayer por la tarde la c\u00e1mara del Parlamento de Catalunya hizo el primer debate de la proposici\u00f3n de ley del r\u00e9gimen especial de Aran. C\u00f3mo que el texto ha sido redactado en ponencia conjunta y lo firman todos los grupos parlamentarios, no se present\u00f3 ninguna enmienda a la totalidad, de forma que seguir\u00e1 la tramitaci\u00f3n parlamentaria con el debate en comisi\u00f3n y ponencia antes de volver al pleno para el debate final.<\/p>\n<p>La proposici\u00f3n establece el r\u00e9gimen especial de Aran con el objetivo de proteger el car\u00e1cter singular, los derechos hist\u00f3ricos y la identidad, y lo define como \u00abentidad territorial singular\u00bb con \u00abpersonalidad jur\u00eddica propia y plena capacidad y autonom\u00eda\u00bb. As\u00ed, el texto reconoce en Aran \u00abel derecho y la realidad de la organizaci\u00f3n institucional, pol\u00edtica y administrativa\u00bb propia y le \u00abgarantiza las competencias, los recursos y la autonom\u00eda para ordenar, gobernar y gestionar los asuntos p\u00fablicos y los intereses generales de su territorio\u00bb.<\/p>\n<p>As\u00ed mismo, el texto define las competencias del Conselh Generau d\u2019Aran y le atribuye de pleno, entre otros, el fomento y la promoci\u00f3n de la cultura aranesa y en la conservaci\u00f3n, gesti\u00f3n y administraci\u00f3n del patrimonio cultural; crea la comisi\u00f3n bilateral Generalitat- Conselh Generau como \u00f3rgano permanente de relaci\u00f3n entre las dos administraciones; fija el aran\u00e9s como lengua oficial en Aran y en Catalunya, junto con el catal\u00e1n y el castellano, como idioma que todo el mundo tiene el derecho de conocer y utilizar, como lengua de uso del Conselh, la administraci\u00f3n local aranesa y las entidades que dependen y como lengua vehicular y de aprendizaje en los centros educativos de Aran. Adem\u00e1s, el texto establece que los presupuestos de la Generalitat tienen que incluir un fondo de cooperaci\u00f3n con el Conselh y que en una futura organizaci\u00f3n territorial del pa\u00eds, Aran \u00abno puede ser incluido en ninguna divisi\u00f3n territorial ni administrativa que no sea \u00e9l mismo\u00bb.<\/p>\n<p><a href=\"http:\/\/www.conselharan.org\/wp-content\/uploads\/2014\/06\/Diapositiva1.jpg\"><img loading=\"lazy\" decoding=\"async\" class=\"aligncenter size-full wp-image-3928\" alt=\"Diapositiva1\" src=\"http:\/\/www.conselharan.org\/wp-content\/uploads\/2014\/06\/Diapositiva1.jpg\" width=\"785\" height=\"537\" srcset=\"https:\/\/www.conselharan.org\/wp-content\/uploads\/2014\/06\/Diapositiva1.jpg 785w, https:\/\/www.conselharan.org\/wp-content\/uploads\/2014\/06\/Diapositiva1-300x205.jpg 300w\" sizes=\"(max-width: 785px) 100vw, 785px\" \/><\/a><\/p>\n<p><strong>\u00c0lex Moga<\/strong>, defendi\u00f3 en aran\u00e9s el posicionamiento de CiU respecto a la ley sobre el r\u00e9gimen especial de Aran, que contin\u00faa su tr\u00e1mite parlamentario despu\u00e9s de superar el debate a la totalidad en la c\u00e1mara catalana. Moga destac\u00f3 que con la nueva ley <strong>\u201cel Parlamento da reconocimiento a la plurinacionalidad de Catalunya\u201d<\/strong> y que permitir\u00e1<strong> \u201chacer de Catalunya y de Aran un ejemplo \u00fanico en Europa de reconocimiento de la riqueza cultural y ling\u00fc\u00edstica, una riqueza a exportar\u201d. \u201cLa ley\u201d, <\/strong>continu\u00f3 Moga<strong>, \u201ctiene que renovar las relaciones entre Catalunya y Aran, relaciones de t\u00fa a t\u00fa que respetan el pasado, fortalecen el presente y proyectan el futuro\u201d. \u201cUn futuro con Catalunya y en Catalunya\u201d.<\/strong><\/p>\n<p><strong>\u00c0lex Moga<\/strong> reiter\u00f3 que Catalunya y este Parlamento <strong>\u201cson un ejemplo de respeto a la diversidad y a la pluralidad, y no s\u00f3lo de respeto sino de protecci\u00f3n a la identidad aranesa, establecida en historia, cultura, lengua y autogobierno, que es \u00fanico en todo Europa\u201d. \u201cFortalecer el aranesismo es fortalecer el catalanismo\u201d,<\/strong> concluy\u00f3.<\/p>\n ","protected":false},"excerpt":{"rendered":"<p>En el debate intervinieron \u00c0lex Moga, diputado de CiU en el Parlamento de Catalunya y alcalde de Vielha e Mijaran, que ha sido el diputado relator de la ponencia, Josep Cosconera (ERC), \u00d2scar Ordeig (PSC), Dolors L\u00f3pez (PPC), Sara Vil\u00e0 (ICV-EUiA), Carina Mej\u00edas (C&#8217;s) e Isabel Vallet (CUP). Desde el palco lo sigui\u00f3 una delegaci\u00f3n&#8230;<\/p>\n","protected":false},"author":2,"featured_media":3928,"comment_status":"closed","ping_status":"closed","sticky":false,"template":"","format":"standard","meta":{"footnotes":""},"categories":[30,52,37],"tags":[],"_links":{"self":[{"href":"https:\/\/www.conselharan.org\/es\/wp-json\/wp\/v2\/posts\/3936"}],"collection":[{"href":"https:\/\/www.conselharan.org\/es\/wp-json\/wp\/v2\/posts"}],"about":[{"href":"https:\/\/www.conselharan.org\/es\/wp-json\/wp\/v2\/types\/post"}],"author":[{"embeddable":true,"href":"https:\/\/www.conselharan.org\/es\/wp-json\/wp\/v2\/users\/2"}],"replies":[{"embeddable":true,"href":"https:\/\/www.conselharan.org\/es\/wp-json\/wp\/v2\/comments?post=3936"}],"version-history":[{"count":2,"href":"https:\/\/www.conselharan.org\/es\/wp-json\/wp\/v2\/posts\/3936\/revisions"}],"predecessor-version":[{"id":3938,"href":"https:\/\/www.conselharan.org\/es\/wp-json\/wp\/v2\/posts\/3936\/revisions\/3938"}],"wp:featuredmedia":[{"embeddable":true,"href":"https:\/\/www.conselharan.org\/es\/wp-json\/wp\/v2\/media\/3928"}],"wp:attachment":[{"href":"https:\/\/www.conselharan.org\/es\/wp-json\/wp\/v2\/media?parent=3936"}],"wp:term":[{"taxonomy":"category","embeddable":true,"href":"https:\/\/www.conselharan.org\/es\/wp-json\/wp\/v2\/categories?post=3936"},{"taxonomy":"post_tag","embeddable":true,"href":"https:\/\/www.conselharan.org\/es\/wp-json\/wp\/v2\/tags?post=3936"}],"curies":[{"name":"wp","href":"https:\/\/api.w.org\/{rel}","templated":true}]}}