{"id":3969,"date":"2014-06-13T18:00:30","date_gmt":"2014-06-13T16:00:30","guid":{"rendered":"http:\/\/www.conselharan.org\/?p=3969"},"modified":"2014-06-13T19:30:09","modified_gmt":"2014-06-13T17:30:09","slug":"conferencia-sobre-la-conmemoracion-del-centenario-de-la-mancomunidad-de-catalunya-1914-2014","status":"publish","type":"post","link":"https:\/\/www.conselharan.org\/es\/conferencia-sobre-la-conmemoracion-del-centenario-de-la-mancomunidad-de-catalunya-1914-2014\/","title":{"rendered":"Conferencia sobre la Conmemoraci\u00f3n del centenario de la Mancomunidad de Catalunya 1914-2014"},"content":{"rendered":"<p><a href=\"http:\/\/www.conselharan.org\/wp-content\/uploads\/2014\/06\/conferencia-mancomunitat.jpg\"><img loading=\"lazy\" decoding=\"async\" class=\"aligncenter size-large wp-image-3978\" alt=\"conferencia mancomunitat\" src=\"http:\/\/www.conselharan.org\/wp-content\/uploads\/2014\/06\/conferencia-mancomunitat-1024x685.jpg\" width=\"1024\" height=\"685\" srcset=\"https:\/\/www.conselharan.org\/wp-content\/uploads\/2014\/06\/conferencia-mancomunitat-1024x685.jpg 1024w, https:\/\/www.conselharan.org\/wp-content\/uploads\/2014\/06\/conferencia-mancomunitat-300x200.jpg 300w\" sizes=\"(max-width: 1024px) 100vw, 1024px\" \/><\/a><\/p>\n<p>La sala de actos del Conselh Generau d\u2019Aran ha acogido la conferencia: <em><strong>Conmemoraci\u00f3n del centenario de la Mancomunidad de Catalunya 1914-2014<\/strong><\/em>, a cargo del historiador y profesor de la Universitat Aut\u00f2noma de Barcelona y miembro del Institut d\u2019Estudis Catalans, <strong>Albert Balcells.<\/strong><\/p>\n<p>El acto ha contado con la presencia del responsable de Cultura y Patrimonio del Conselh Generau d\u2019Aran, <strong>J\u00e8p de Montoya,<\/strong> de la presidenta de la Fundaci\u00f3n Museo Etnol\u00f3gico de la Val d\u2019Aran, <strong>Angelina Cases<\/strong>, y de la t\u00e9cnico de Patrimonio,<strong> Elisa Ros<\/strong>.<strong><\/strong><\/p>\n<p>En palabras de <strong>J\u00e8p de Montoya, \u201cas\u00ed como en Catalunya se cre\u00f3 la Mancomunidad como un instrumento de gobierno, a trav\u00e9s de las cuatro Diputaciones Provinciales, en la Val d\u2019Aran se crearon las Mancomunidades Forestal y Asistencial, con todo el sentido de Pa\u00eds que siempre han tenido los araneses y que hasta el 1834 hab\u00eda defendido el Conselh Generau d\u2019Aran. Las Mancomunidades aranesas suplieron de alguna manera al antiguo Conselh Generau hasta la restauraci\u00f3n democr\u00e1tica de este, captando de nuevo el papel de representatividad y defendiendo la totalidad de la Val d\u2019Aran, en los asuntos comunes en todos los pueblos y de una trascendencia general.\u201d<\/strong><\/p>\n ","protected":false},"excerpt":{"rendered":"<p>La sala de actos del Conselh Generau d\u2019Aran ha acogido la conferencia: Conmemoraci\u00f3n del centenario de la Mancomunidad de Catalunya 1914-2014, a cargo del historiador y profesor de la Universitat Aut\u00f2noma de Barcelona y miembro del Institut d\u2019Estudis Catalans, Albert Balcells. El acto ha contado con la presencia del responsable de Cultura y Patrimonio del&#8230;<\/p>\n","protected":false},"author":2,"featured_media":3978,"comment_status":"closed","ping_status":"closed","sticky":false,"template":"","format":"standard","meta":{"footnotes":""},"categories":[34,37],"tags":[],"_links":{"self":[{"href":"https:\/\/www.conselharan.org\/es\/wp-json\/wp\/v2\/posts\/3969"}],"collection":[{"href":"https:\/\/www.conselharan.org\/es\/wp-json\/wp\/v2\/posts"}],"about":[{"href":"https:\/\/www.conselharan.org\/es\/wp-json\/wp\/v2\/types\/post"}],"author":[{"embeddable":true,"href":"https:\/\/www.conselharan.org\/es\/wp-json\/wp\/v2\/users\/2"}],"replies":[{"embeddable":true,"href":"https:\/\/www.conselharan.org\/es\/wp-json\/wp\/v2\/comments?post=3969"}],"version-history":[{"count":4,"href":"https:\/\/www.conselharan.org\/es\/wp-json\/wp\/v2\/posts\/3969\/revisions"}],"predecessor-version":[{"id":3984,"href":"https:\/\/www.conselharan.org\/es\/wp-json\/wp\/v2\/posts\/3969\/revisions\/3984"}],"wp:featuredmedia":[{"embeddable":true,"href":"https:\/\/www.conselharan.org\/es\/wp-json\/wp\/v2\/media\/3978"}],"wp:attachment":[{"href":"https:\/\/www.conselharan.org\/es\/wp-json\/wp\/v2\/media?parent=3969"}],"wp:term":[{"taxonomy":"category","embeddable":true,"href":"https:\/\/www.conselharan.org\/es\/wp-json\/wp\/v2\/categories?post=3969"},{"taxonomy":"post_tag","embeddable":true,"href":"https:\/\/www.conselharan.org\/es\/wp-json\/wp\/v2\/tags?post=3969"}],"curies":[{"name":"wp","href":"https:\/\/api.w.org\/{rel}","templated":true}]}}