{"id":39972,"date":"2021-01-29T14:58:47","date_gmt":"2021-01-29T13:58:47","guid":{"rendered":"https:\/\/www.conselharan.org\/sadministre-era-dusau-dosi-dera-vacuna-en-aran\/"},"modified":"2021-01-29T14:59:58","modified_gmt":"2021-01-29T13:59:58","slug":"sadministre-era-dusau-dosi-dera-vacuna-en-aran","status":"publish","type":"post","link":"https:\/\/www.conselharan.org\/es\/sadministre-era-dusau-dosi-dera-vacuna-en-aran\/","title":{"rendered":"Se administra la segunda dosis de la vacuna en Aran"},"content":{"rendered":"<p><a href=\"https:\/\/www.conselharan.org\/wp-content\/uploads\/2021\/01\/Vacunacion-3.jpeg\"><img loading=\"lazy\" decoding=\"async\" class=\"aligncenter wp-image-39967 size-large\" src=\"https:\/\/www.conselharan.org\/wp-content\/uploads\/2021\/01\/Vacunacion-3-1024x874.jpeg\" alt=\"\" width=\"1024\" height=\"874\" srcset=\"https:\/\/www.conselharan.org\/wp-content\/uploads\/2021\/01\/Vacunacion-3-1024x874.jpeg 1024w, https:\/\/www.conselharan.org\/wp-content\/uploads\/2021\/01\/Vacunacion-3-300x256.jpeg 300w, https:\/\/www.conselharan.org\/wp-content\/uploads\/2021\/01\/Vacunacion-3-768x655.jpeg 768w, https:\/\/www.conselharan.org\/wp-content\/uploads\/2021\/01\/Vacunacion-3.jpeg 1185w\" sizes=\"(max-width: 1024px) 100vw, 1024px\" \/><\/a><\/p>\n<ul>\n<li>\n<h3><strong>Los usuarios de la Residencia Sant Ant\u00f2ni, centro de d\u00eda y personal sanitario y esencial de la Residencia y del Espitau Val d\u2019Aran, as\u00ed como el personal de transporte sanitario, han recibido la segunda dosis de la vacuna de Pfizer contra la COVID-19<\/strong><\/h3>\n<\/li>\n<\/ul>\n<p>Esta ma\u00f1ana, siguiendo el plan de vacunaci\u00f3n gestionado por el departamento de Salud de la Generalitat de Catalunya, personal sanitario de este departamento se ha desplazado a Aran para administrar la segunda dosis de la vacuna de Pfizer contra la COVID-19 a los residentes y usuarios del centro de d\u00eda de la Residencia Sant Ant\u00f2ni y personal sanitario y esencial, que ya recibieron la primera dosis el pasado 8 de enero.<\/p>\n<p>\u201cTal y como han informado las autoridades sanitarias, todav\u00eda falta esperar unos d\u00edas para que la vacuna desarrolle totalmente su protecci\u00f3n ante el virus, pasado este tiempo tendremos, por fin, inmunizada a una de las partes m\u00e1s vulnerables de nuestra poblaci\u00f3n\u201d, aseguraba la s\u00edndica de Aran, Maria Verg\u00e9s, recordando que: \u201ca pesar de este peque\u00f1o avance, es necesario que se mantengan todas las medidas de protecci\u00f3n ante la COVID-19 hasta no haber conseguido la inmunidad de grupo\u201d.<\/p>\n<p>En esta segunda jornada de vacunaci\u00f3n ha habido 9 usuarios del centro de d\u00eda y residentes de la Residencia Sant Ant\u00f2ni que no han podido recibir la segunda dosis: \u201ctal y como ha indicado el propio Departamento de Salud de la Generalitat, las personas positivas en COVID-19 o que presentan cualquier otra sintomatolog\u00eda, no pueden recibir la vacuna\u201d, explicaba la s\u00edndica de Aran, a\u00f1adiendo que: \u201cestas personas recibir\u00e1n su dosis en la pr\u00f3xima jornada de vacunaci\u00f3n que, seg\u00fan indica la estrategia desarrollada por las autoridades competentes, ser\u00e1 la destinada a grandes dependientes\u201d.<\/p>\n<p><a href=\"https:\/\/www.conselharan.org\/wp-content\/uploads\/2021\/01\/Vacunacion-2.jpeg\"><img loading=\"lazy\" decoding=\"async\" class=\"aligncenter wp-image-39964 size-large\" src=\"https:\/\/www.conselharan.org\/wp-content\/uploads\/2021\/01\/Vacunacion-2-1024x768.jpeg\" alt=\"\" width=\"1024\" height=\"768\" srcset=\"https:\/\/www.conselharan.org\/wp-content\/uploads\/2021\/01\/Vacunacion-2-1024x768.jpeg 1024w, https:\/\/www.conselharan.org\/wp-content\/uploads\/2021\/01\/Vacunacion-2-300x225.jpeg 300w, https:\/\/www.conselharan.org\/wp-content\/uploads\/2021\/01\/Vacunacion-2-768x576.jpeg 768w, https:\/\/www.conselharan.org\/wp-content\/uploads\/2021\/01\/Vacunacion-2-1536x1152.jpeg 1536w, https:\/\/www.conselharan.org\/wp-content\/uploads\/2021\/01\/Vacunacion-2.jpeg 1600w\" sizes=\"(max-width: 1024px) 100vw, 1024px\" \/><\/a><\/p>\n ","protected":false},"excerpt":{"rendered":"<p>Los usuarios de la Residencia Sant Ant\u00f2ni, centro de d\u00eda y personal sanitario y esencial de la Residencia y del Espitau Val d\u2019Aran, as\u00ed como el personal de transporte sanitario, han recibido la segunda dosis de la vacuna de Pfizer contra la COVID-19 Esta ma\u00f1ana, siguiendo el plan de vacunaci\u00f3n gestionado por el departamento de&#8230;<\/p>\n","protected":false},"author":10,"featured_media":39969,"comment_status":"closed","ping_status":"closed","sticky":false,"template":"","format":"standard","meta":{"footnotes":""},"categories":[34,789],"tags":[],"_links":{"self":[{"href":"https:\/\/www.conselharan.org\/es\/wp-json\/wp\/v2\/posts\/39972"}],"collection":[{"href":"https:\/\/www.conselharan.org\/es\/wp-json\/wp\/v2\/posts"}],"about":[{"href":"https:\/\/www.conselharan.org\/es\/wp-json\/wp\/v2\/types\/post"}],"author":[{"embeddable":true,"href":"https:\/\/www.conselharan.org\/es\/wp-json\/wp\/v2\/users\/10"}],"replies":[{"embeddable":true,"href":"https:\/\/www.conselharan.org\/es\/wp-json\/wp\/v2\/comments?post=39972"}],"version-history":[{"count":1,"href":"https:\/\/www.conselharan.org\/es\/wp-json\/wp\/v2\/posts\/39972\/revisions"}],"predecessor-version":[{"id":39973,"href":"https:\/\/www.conselharan.org\/es\/wp-json\/wp\/v2\/posts\/39972\/revisions\/39973"}],"wp:featuredmedia":[{"embeddable":true,"href":"https:\/\/www.conselharan.org\/es\/wp-json\/wp\/v2\/media\/39969"}],"wp:attachment":[{"href":"https:\/\/www.conselharan.org\/es\/wp-json\/wp\/v2\/media?parent=39972"}],"wp:term":[{"taxonomy":"category","embeddable":true,"href":"https:\/\/www.conselharan.org\/es\/wp-json\/wp\/v2\/categories?post=39972"},{"taxonomy":"post_tag","embeddable":true,"href":"https:\/\/www.conselharan.org\/es\/wp-json\/wp\/v2\/tags?post=39972"}],"curies":[{"name":"wp","href":"https:\/\/api.w.org\/{rel}","templated":true}]}}