{"id":40179,"date":"2021-02-02T14:46:20","date_gmt":"2021-02-02T13:46:20","guid":{"rendered":"https:\/\/www.conselharan.org\/?p=40179"},"modified":"2021-02-02T14:46:20","modified_gmt":"2021-02-02T13:46:20","slug":"el-conselh-generau-daran-inicia-una-campana-de-concienciacion-de-la-covid-19","status":"publish","type":"post","link":"https:\/\/www.conselharan.org\/es\/el-conselh-generau-daran-inicia-una-campana-de-concienciacion-de-la-covid-19\/","title":{"rendered":"El Conselh Generau d\u2019Aran inicia una campa\u00f1a de concienciaci\u00f3n de la COVID-19"},"content":{"rendered":"<p><a href=\"https:\/\/www.conselharan.org\/wp-content\/uploads\/2021\/02\/Agents-Civics.jpeg\"><img loading=\"lazy\" decoding=\"async\" class=\"aligncenter wp-image-40174 size-large\" src=\"https:\/\/www.conselharan.org\/wp-content\/uploads\/2021\/02\/Agents-Civics-768x1024.jpeg\" alt=\"\" width=\"768\" height=\"1024\" srcset=\"https:\/\/www.conselharan.org\/wp-content\/uploads\/2021\/02\/Agents-Civics-768x1024.jpeg 768w, https:\/\/www.conselharan.org\/wp-content\/uploads\/2021\/02\/Agents-Civics-225x300.jpeg 225w, https:\/\/www.conselharan.org\/wp-content\/uploads\/2021\/02\/Agents-Civics-1152x1536.jpeg 1152w, https:\/\/www.conselharan.org\/wp-content\/uploads\/2021\/02\/Agents-Civics.jpeg 1200w\" sizes=\"(max-width: 768px) 100vw, 768px\" \/><\/a><\/p>\n<ul>\n<li>\n<h3><strong>Efectivos de los Pompi\u00e8rs d\u2019Aran y dos agentes comunitarios llevar\u00e1n a cabo esta semana trabajos de concienciaci\u00f3n en los lugares de m\u00e1s afluencia de la Val d\u2019Aran, en la l\u00ednea de las acciones que se llevan a cabo en otros territorios, con el objetivo de informar y concienciar a la ciudadan\u00eda de la necesidad de seguir las medidas de seguridad para evitar contagios<\/strong><\/h3>\n<\/li>\n<\/ul>\n<p>El Conselh Generau d\u2019Aran ha iniciado una campa\u00f1a de concienciaci\u00f3n para informar a la poblaci\u00f3n de la Val d\u2019Aran de la necesidad de seguir las medidas preventivas dictadas por las autoridades competentes.<\/p>\n<p>\u201cDurante las \u00faltimas semanas los datos de COVID-19 de la Val d\u2019Aran han sido muy elevados\u201d, afirmaba la s\u00edndica de Aran, Maria Verg\u00e9s, a\u00f1adiendo que: \u201cdesde el Espitau Val d\u2019Aran se ha realizado un excelente trabajo con un rastreo intensivo e inmediato que nos ha permitido que la situaci\u00f3n no se descontrolara, pero es necesario que el riesgo de rebrote baje y para ello necesitamos la colaboraci\u00f3n de toda la ciudadan\u00eda, por este motivo hemos iniciado hoy una campa\u00f1a de concienciaci\u00f3n en la cual agentes comunitarios y Pompi\u00e8rs d\u2019Aran pedir\u00e1n la colaboraci\u00f3n de todas y todos para frenar el ritmo de contagios\u201d.<\/p>\n<p>La contrataci\u00f3n de estos agentes comunitarios, que tambi\u00e9n ejercen trabajos de apoyo en el Banco de Alimentos de la Val d\u2019Aran, se enmarca en las acciones desarrolladas por el Conselh Generau d\u2019Aran para intentar frenar la incidencia de la pandemia en Aran.<\/p>\n<p>La s\u00edndica de Aran ha querido: \u201cagradecer una vez m\u00e1s al personal sanitario y esencial y a los Pompi\u00e8rs d\u2019Aran su labor, as\u00ed como a la ciudadan\u00eda aranesa por el esfuerzo que llevan a cabo para seguir las medidas establecidas para evitar una mayor propagaci\u00f3n del virus\u201d.<\/p>\n ","protected":false},"excerpt":{"rendered":"<p>Efectivos de los Pompi\u00e8rs d\u2019Aran y dos agentes comunitarios llevar\u00e1n a cabo esta semana trabajos de concienciaci\u00f3n en los lugares de m\u00e1s afluencia de la Val d\u2019Aran, en la l\u00ednea de las acciones que se llevan a cabo en otros territorios, con el objetivo de informar y concienciar a la ciudadan\u00eda de la necesidad de&#8230;<\/p>\n","protected":false},"author":10,"featured_media":40176,"comment_status":"closed","ping_status":"closed","sticky":false,"template":"","format":"standard","meta":{"footnotes":""},"categories":[52,789],"tags":[],"_links":{"self":[{"href":"https:\/\/www.conselharan.org\/es\/wp-json\/wp\/v2\/posts\/40179"}],"collection":[{"href":"https:\/\/www.conselharan.org\/es\/wp-json\/wp\/v2\/posts"}],"about":[{"href":"https:\/\/www.conselharan.org\/es\/wp-json\/wp\/v2\/types\/post"}],"author":[{"embeddable":true,"href":"https:\/\/www.conselharan.org\/es\/wp-json\/wp\/v2\/users\/10"}],"replies":[{"embeddable":true,"href":"https:\/\/www.conselharan.org\/es\/wp-json\/wp\/v2\/comments?post=40179"}],"version-history":[{"count":1,"href":"https:\/\/www.conselharan.org\/es\/wp-json\/wp\/v2\/posts\/40179\/revisions"}],"predecessor-version":[{"id":40180,"href":"https:\/\/www.conselharan.org\/es\/wp-json\/wp\/v2\/posts\/40179\/revisions\/40180"}],"wp:featuredmedia":[{"embeddable":true,"href":"https:\/\/www.conselharan.org\/es\/wp-json\/wp\/v2\/media\/40176"}],"wp:attachment":[{"href":"https:\/\/www.conselharan.org\/es\/wp-json\/wp\/v2\/media?parent=40179"}],"wp:term":[{"taxonomy":"category","embeddable":true,"href":"https:\/\/www.conselharan.org\/es\/wp-json\/wp\/v2\/categories?post=40179"},{"taxonomy":"post_tag","embeddable":true,"href":"https:\/\/www.conselharan.org\/es\/wp-json\/wp\/v2\/tags?post=40179"}],"curies":[{"name":"wp","href":"https:\/\/api.w.org\/{rel}","templated":true}]}}