{"id":40207,"date":"2021-02-03T14:09:53","date_gmt":"2021-02-03T13:09:53","guid":{"rendered":"https:\/\/www.conselharan.org\/eth-conselh-generau-daran-organize-ua-nada-edicion-deth-concors-literari-aran-de-literatura\/"},"modified":"2021-02-04T13:33:50","modified_gmt":"2021-02-04T12:33:50","slug":"eth-conselh-generau-daran-organize-ua-nada-edicion-deth-concors-literari-aran-de-literatura","status":"publish","type":"post","link":"https:\/\/www.conselharan.org\/es\/eth-conselh-generau-daran-organize-ua-nada-edicion-deth-concors-literari-aran-de-literatura\/","title":{"rendered":"El Conselh Generau d\u2019Aran organiza una nueva edici\u00f3n del concurso literario Aran de Literatura"},"content":{"rendered":"<p><a href=\"https:\/\/www.conselharan.org\/wp-content\/uploads\/2021\/02\/image001.jpg\"><img loading=\"lazy\" decoding=\"async\" class=\"aligncenter wp-image-40196 size-full\" src=\"https:\/\/www.conselharan.org\/wp-content\/uploads\/2021\/02\/image001.jpg\" alt=\"\" width=\"1005\" height=\"695\" srcset=\"https:\/\/www.conselharan.org\/wp-content\/uploads\/2021\/02\/image001.jpg 1005w, https:\/\/www.conselharan.org\/wp-content\/uploads\/2021\/02\/image001-300x207.jpg 300w, https:\/\/www.conselharan.org\/wp-content\/uploads\/2021\/02\/image001-768x531.jpg 768w\" sizes=\"(max-width: 1005px) 100vw, 1005px\" \/><\/a><\/p>\n<ul>\n<li>\n<h3><strong>Este concurso, que celebra este a\u00f1o su XXI edici\u00f3n, promociona el uso del aran\u00e9s en la literatura y est\u00e1 abierto a todas las personas mayores de 18 a\u00f1os que quieran participar<\/strong><\/h3>\n<\/li>\n<\/ul>\n<p>EL departamento de Lengua y Cultura del Conselh Generau d\u2019Aran\u00a0 ha convocado la XXI edici\u00f3n del Premio Aran de Literatura, un concurso que ayuda a promocionar el uso del aran\u00e9s en la literatura.<\/p>\n<p>El Premio Aran de Literatura est\u00e1 abierto a todas las personas de m\u00e1s de 18 a\u00f1os que quieran participar y consta de tres categor\u00edas: narraci\u00f3n, poes\u00eda y novela juvenil.<\/p>\n<p>Los autores podr\u00e1n presentar sus obras en el Departamento de Lengua y Cultura del Conselh antes del d\u00eda 30 de julio. Las obras tienen que ser in\u00e9ditas y presentadas de manera an\u00f3nima (se pueden consultar las bases del premio <strong><a href=\"https:\/\/www.conselharan.org\/wp-content\/uploads\/2021\/02\/Aran-de-Literatura-2021.pdf\">Aran de Literatura 2021<\/a>\u00a0<\/strong> para conocer todos los detalles).<\/p>\n<p>Para los ganadores y ganadoras de este concurso se ofrecer\u00e1 un premio en met\u00e1lico y un diploma, que se otorgar\u00e1n durante el oto\u00f1o.<\/p>\n<p><a href=\"https:\/\/www.conselharan.org\/wp-content\/uploads\/2021\/02\/image002.jpg\"><img loading=\"lazy\" decoding=\"async\" class=\"aligncenter wp-image-40199 size-full\" src=\"https:\/\/www.conselharan.org\/wp-content\/uploads\/2021\/02\/image002.jpg\" alt=\"\" width=\"1010\" height=\"697\" srcset=\"https:\/\/www.conselharan.org\/wp-content\/uploads\/2021\/02\/image002.jpg 1010w, https:\/\/www.conselharan.org\/wp-content\/uploads\/2021\/02\/image002-300x207.jpg 300w, https:\/\/www.conselharan.org\/wp-content\/uploads\/2021\/02\/image002-768x530.jpg 768w\" sizes=\"(max-width: 1010px) 100vw, 1010px\" \/><\/a><\/p>\n ","protected":false},"excerpt":{"rendered":"<p>Este concurso, que celebra este a\u00f1o su XXI edici\u00f3n, promociona el uso del aran\u00e9s en la literatura y est\u00e1 abierto a todas las personas mayores de 18 a\u00f1os que quieran participar EL departamento de Lengua y Cultura del Conselh Generau d\u2019Aran\u00a0 ha convocado la XXI edici\u00f3n del Premio Aran de Literatura, un concurso que ayuda&#8230;<\/p>\n","protected":false},"author":10,"featured_media":40198,"comment_status":"closed","ping_status":"closed","sticky":false,"template":"","format":"standard","meta":{"footnotes":""},"categories":[795,34],"tags":[],"_links":{"self":[{"href":"https:\/\/www.conselharan.org\/es\/wp-json\/wp\/v2\/posts\/40207"}],"collection":[{"href":"https:\/\/www.conselharan.org\/es\/wp-json\/wp\/v2\/posts"}],"about":[{"href":"https:\/\/www.conselharan.org\/es\/wp-json\/wp\/v2\/types\/post"}],"author":[{"embeddable":true,"href":"https:\/\/www.conselharan.org\/es\/wp-json\/wp\/v2\/users\/10"}],"replies":[{"embeddable":true,"href":"https:\/\/www.conselharan.org\/es\/wp-json\/wp\/v2\/comments?post=40207"}],"version-history":[{"count":2,"href":"https:\/\/www.conselharan.org\/es\/wp-json\/wp\/v2\/posts\/40207\/revisions"}],"predecessor-version":[{"id":40209,"href":"https:\/\/www.conselharan.org\/es\/wp-json\/wp\/v2\/posts\/40207\/revisions\/40209"}],"wp:featuredmedia":[{"embeddable":true,"href":"https:\/\/www.conselharan.org\/es\/wp-json\/wp\/v2\/media\/40198"}],"wp:attachment":[{"href":"https:\/\/www.conselharan.org\/es\/wp-json\/wp\/v2\/media?parent=40207"}],"wp:term":[{"taxonomy":"category","embeddable":true,"href":"https:\/\/www.conselharan.org\/es\/wp-json\/wp\/v2\/categories?post=40207"},{"taxonomy":"post_tag","embeddable":true,"href":"https:\/\/www.conselharan.org\/es\/wp-json\/wp\/v2\/tags?post=40207"}],"curies":[{"name":"wp","href":"https:\/\/api.w.org\/{rel}","templated":true}]}}