{"id":40828,"date":"2021-02-23T10:41:22","date_gmt":"2021-02-23T09:41:22","guid":{"rendered":"https:\/\/www.conselharan.org\/sinicie-era-vacunacion-as-grani-depenents-majors-de-80-ans-en-aran\/"},"modified":"2021-02-23T10:42:14","modified_gmt":"2021-02-23T09:42:14","slug":"sinicie-era-vacunacion-as-grani-depenents-majors-de-80-ans-en-aran","status":"publish","type":"post","link":"https:\/\/www.conselharan.org\/es\/sinicie-era-vacunacion-as-grani-depenents-majors-de-80-ans-en-aran\/","title":{"rendered":"Se inicia la vacunaci\u00f3n a los grandes dependientes mayores de 80 a\u00f1os en Aran"},"content":{"rendered":"<p><a href=\"https:\/\/www.conselharan.org\/wp-content\/uploads\/2021\/02\/Vacunacion-scaled.jpg\"><img loading=\"lazy\" decoding=\"async\" class=\"aligncenter wp-image-40823 size-large\" src=\"https:\/\/www.conselharan.org\/wp-content\/uploads\/2021\/02\/Vacunacion-1024x661.jpg\" alt=\"\" width=\"1024\" height=\"661\" srcset=\"https:\/\/www.conselharan.org\/wp-content\/uploads\/2021\/02\/Vacunacion-1024x661.jpg 1024w, https:\/\/www.conselharan.org\/wp-content\/uploads\/2021\/02\/Vacunacion-300x194.jpg 300w, https:\/\/www.conselharan.org\/wp-content\/uploads\/2021\/02\/Vacunacion-768x495.jpg 768w, https:\/\/www.conselharan.org\/wp-content\/uploads\/2021\/02\/Vacunacion-1536x991.jpg 1536w, https:\/\/www.conselharan.org\/wp-content\/uploads\/2021\/02\/Vacunacion-2048x1321.jpg 2048w\" sizes=\"(max-width: 1024px) 100vw, 1024px\" \/><\/a><\/p>\n<ul>\n<li>\n<h3><strong>Siguiendo el plan de vacunaci\u00f3n definido por el departamento de Salud de la Generalitat, hoy se empiezan a administrar las primeras dosis de la vacuna de Pfizer-BioNTech a las personas mayores de 80 a\u00f1os, con un alto grado de dependencia y adscritos al programa de Atenci\u00f3n Domiciliaria y, paralelamente, se continuar\u00e1 con la administraci\u00f3n de la vacuna de AstraZeneca\/ Oxford al profesorado de la Val d\u2019Aran<\/strong><\/h3>\n<\/li>\n<\/ul>\n<p>A partir de esta ma\u00f1ana y durante los pr\u00f3ximos d\u00edas, siguiendo el plan de vacunaci\u00f3n gestionado por el Departamento de Salut de la Generalitat, se inicia la campa\u00f1a de vacunaci\u00f3n contra la COVID-19 destinada a las personas mayores de 80 a\u00f1os con un alto grado de dependencia y que est\u00e1n adscritos al programa de Atenci\u00f3n Domiciliaria del Espitau Val d\u2019Aran.<\/p>\n<p>\u201cHemos recibido 120 dosis de la vacuna de Pfizer-BioNTech por parte del Departamento de Salud, y a partir de hoy se empezar\u00e1 a administrar a las personas dependientes mayores de 80 a\u00f1os\u201d, explicaba la s\u00edndica de Aran, Maria Verg\u00e9s, a\u00f1adiendo que: \u201clos profesionales de Atenci\u00f3n Primaria de Aran Salut se han ido poniendo en contacto con aquellas personas que constan en su programa de Atenci\u00f3n Domiciliaria para citarlos, y la vacunaci\u00f3n se llevar\u00e1 a cabo en el centro de juventud Antara del Ayuntamiento de Vielha e Mijaran, a quien queremos agradecer su colaboraci\u00f3n en la cesi\u00f3n del espacio\u201d.<\/p>\n<p>En el caso de las personas que no se puedan desplazar: \u201cel \u00e1rea de Atenci\u00f3n Primaria ya estudia llevar a cabo la vacunaci\u00f3n domiciliaria, pero es necesario recordar que esta vacuna en concreto es sensible a los movimientos bruscos y que se recomienda evitar que los viales se agiten, por este motivo hemos escogido un espacio concreto para la vacunaci\u00f3n de las personas que est\u00e1n en condiciones para desplazarse\u201d.<\/p>\n<p>Paralelamente a la vacunaci\u00f3n de los grandes dependientes mayores de 80, se continuar\u00e1 tambi\u00e9n con la administraci\u00f3n de la vacuna de AstraZeneca\/ Oxford a los docentes de los centros educativos de la Val d\u2019Aran, que empez\u00f3 la semana pasada. En este caso, es el propio Departamento de Salud quien cita v\u00eda SMS al profesorado.<\/p>\n<p>Hasta el momento, siguiendo el plan de vacunaci\u00f3n establecido por las autoridades sanitarias, en la Val d\u2019Aran se han administrado vacunas contra la COVID-19 a los siguientes grupos:<\/p>\n<ul>\n<li>Usuarios y usuarias de la Residencia Sant Ant\u00f2ni y el centro de d\u00eda: han recibido las dos dosis de la vacuna de Pfizer-BioNTech.<\/li>\n<li>Personal sanitario y esencial de la Residencia y del Espitau Val d\u2019Aran, as\u00ed como transporte sanitario: han recibido las dos dosis de la vacuna de Pfizer-BioNTech.<\/li>\n<li>Personal sanitario de segunda l\u00ednea y personal esencial (entre ellos, el profesorado): vacunaci\u00f3n en curso con la administraci\u00f3n de la primera dosis de la vacuna de AstraZeneca\/ Oxford.<\/li>\n<li>Grandes dependientes mayores de 80 a\u00f1os: vacunaci\u00f3n en curso con la administraci\u00f3n de la primera dosis de la vacuna de Pfizer-BioNTech.<\/li>\n<\/ul>\n ","protected":false},"excerpt":{"rendered":"<p>Siguiendo el plan de vacunaci\u00f3n definido por el departamento de Salud de la Generalitat, hoy se empiezan a administrar las primeras dosis de la vacuna de Pfizer-BioNTech a las personas mayores de 80 a\u00f1os, con un alto grado de dependencia y adscritos al programa de Atenci\u00f3n Domiciliaria y, paralelamente, se continuar\u00e1 con la administraci\u00f3n de&#8230;<\/p>\n","protected":false},"author":10,"featured_media":40825,"comment_status":"closed","ping_status":"closed","sticky":false,"template":"","format":"standard","meta":{"footnotes":""},"categories":[34,789],"tags":[],"_links":{"self":[{"href":"https:\/\/www.conselharan.org\/es\/wp-json\/wp\/v2\/posts\/40828"}],"collection":[{"href":"https:\/\/www.conselharan.org\/es\/wp-json\/wp\/v2\/posts"}],"about":[{"href":"https:\/\/www.conselharan.org\/es\/wp-json\/wp\/v2\/types\/post"}],"author":[{"embeddable":true,"href":"https:\/\/www.conselharan.org\/es\/wp-json\/wp\/v2\/users\/10"}],"replies":[{"embeddable":true,"href":"https:\/\/www.conselharan.org\/es\/wp-json\/wp\/v2\/comments?post=40828"}],"version-history":[{"count":1,"href":"https:\/\/www.conselharan.org\/es\/wp-json\/wp\/v2\/posts\/40828\/revisions"}],"predecessor-version":[{"id":40829,"href":"https:\/\/www.conselharan.org\/es\/wp-json\/wp\/v2\/posts\/40828\/revisions\/40829"}],"wp:featuredmedia":[{"embeddable":true,"href":"https:\/\/www.conselharan.org\/es\/wp-json\/wp\/v2\/media\/40825"}],"wp:attachment":[{"href":"https:\/\/www.conselharan.org\/es\/wp-json\/wp\/v2\/media?parent=40828"}],"wp:term":[{"taxonomy":"category","embeddable":true,"href":"https:\/\/www.conselharan.org\/es\/wp-json\/wp\/v2\/categories?post=40828"},{"taxonomy":"post_tag","embeddable":true,"href":"https:\/\/www.conselharan.org\/es\/wp-json\/wp\/v2\/tags?post=40828"}],"curies":[{"name":"wp","href":"https:\/\/api.w.org\/{rel}","templated":true}]}}