{"id":41470,"date":"2021-03-16T14:52:16","date_gmt":"2021-03-16T13:52:16","guid":{"rendered":"https:\/\/www.conselharan.org\/eth-conselh-generau-daran-aufris-nauament-eth-servici-de-prumera-acuelhuda-enta-persones-nauvengudes\/"},"modified":"2021-03-16T14:54:03","modified_gmt":"2021-03-16T13:54:03","slug":"eth-conselh-generau-daran-aufris-nauament-eth-servici-de-prumera-acuelhuda-enta-persones-nauvengudes","status":"publish","type":"post","link":"https:\/\/www.conselharan.org\/es\/eth-conselh-generau-daran-aufris-nauament-eth-servici-de-prumera-acuelhuda-enta-persones-nauvengudes\/","title":{"rendered":"El Conselh Generau d\u2019Aran ofrece de nuevo el servicio de primera acogida para personas reci\u00e9n llegadas"},"content":{"rendered":"<p><a href=\"https:\/\/www.conselharan.org\/wp-content\/uploads\/2021\/03\/Servici-de-prum\u00e8ra-acuelhuda.png\"><img loading=\"lazy\" decoding=\"async\" class=\"aligncenter wp-image-41465 size-full\" src=\"https:\/\/www.conselharan.org\/wp-content\/uploads\/2021\/03\/Servici-de-prum\u00e8ra-acuelhuda.png\" alt=\"\" width=\"940\" height=\"788\" srcset=\"https:\/\/www.conselharan.org\/wp-content\/uploads\/2021\/03\/Servici-de-prum\u00e8ra-acuelhuda.png 940w, https:\/\/www.conselharan.org\/wp-content\/uploads\/2021\/03\/Servici-de-prum\u00e8ra-acuelhuda-300x251.png 300w, https:\/\/www.conselharan.org\/wp-content\/uploads\/2021\/03\/Servici-de-prum\u00e8ra-acuelhuda-768x644.png 768w\" sizes=\"(max-width: 940px) 100vw, 940px\" \/><\/a><\/p>\n<ul>\n<li>\n<h3><strong>Este circuito de formaci\u00f3n dirigido a personas extranjeras, est\u00e1 formado por tres m\u00f3dulos que ofrecen conocimientos de lengua, mundo laboral y conocimiento del entorno, y tienen como objetivo dotar a estas personas de los instrumentos b\u00e1sicos para obtener la autonom\u00eda en su territorio de acogida<\/strong><\/h3>\n<\/li>\n<\/ul>\n<p>El departamento de Igualdad, Salud y Bienestar del Conselh Generau d\u2019Aran, con el apoyo del Servicio de Ocupaci\u00f3n de Catalunya (SOC) y el Fondo Social Europeo, lleva a cabo, un a\u00f1o m\u00e1s, el servicio de primera acogida para personas reci\u00e9n llegadas a la Val d\u2019Aran, en el que participan alrededor de 40 personas de distintas nacionalidades. Este a\u00f1o, a causa de la pandemia causada por la COVID-19, este servicio se ofrece de forma telem\u00e1tica, siendo Aran el primer territorio de toda Catalunya en llevar a cabo esta formaci\u00f3n online.<\/p>\n<p>El servicio de primera acogida consta de tres m\u00f3dulos de formaci\u00f3n distintos que reflejan la realidad de la Val d\u2019Aran y ofrecen conocimientos sobre el mundo laboral, la sociedad aranesa y competencias b\u00e1sicas del aran\u00e9s, con el objetivo de dotar a las personas reci\u00e9n llegadas de los instrumentos b\u00e1sicos para obtener la autonom\u00eda en el territorio.<\/p>\n<p>Durante las sesiones telem\u00e1ticas realizadas se ha contado con la participaci\u00f3n de distintas personas relacionadas con diferentes \u00e1mbitos de la sociedad aranesa para prestar un testimonio real y dar a conocer a los participantes de las sesiones las distintas instituciones y administraciones a las que recurrir.<\/p>\n ","protected":false},"excerpt":{"rendered":"<p>Este circuito de formaci\u00f3n dirigido a personas extranjeras, est\u00e1 formado por tres m\u00f3dulos que ofrecen conocimientos de lengua, mundo laboral y conocimiento del entorno, y tienen como objetivo dotar a estas personas de los instrumentos b\u00e1sicos para obtener la autonom\u00eda en su territorio de acogida El departamento de Igualdad, Salud y Bienestar del Conselh Generau&#8230;<\/p>\n","protected":false},"author":10,"featured_media":41467,"comment_status":"closed","ping_status":"closed","sticky":false,"template":"","format":"standard","meta":{"footnotes":""},"categories":[34,789],"tags":[],"_links":{"self":[{"href":"https:\/\/www.conselharan.org\/es\/wp-json\/wp\/v2\/posts\/41470"}],"collection":[{"href":"https:\/\/www.conselharan.org\/es\/wp-json\/wp\/v2\/posts"}],"about":[{"href":"https:\/\/www.conselharan.org\/es\/wp-json\/wp\/v2\/types\/post"}],"author":[{"embeddable":true,"href":"https:\/\/www.conselharan.org\/es\/wp-json\/wp\/v2\/users\/10"}],"replies":[{"embeddable":true,"href":"https:\/\/www.conselharan.org\/es\/wp-json\/wp\/v2\/comments?post=41470"}],"version-history":[{"count":2,"href":"https:\/\/www.conselharan.org\/es\/wp-json\/wp\/v2\/posts\/41470\/revisions"}],"predecessor-version":[{"id":41472,"href":"https:\/\/www.conselharan.org\/es\/wp-json\/wp\/v2\/posts\/41470\/revisions\/41472"}],"wp:featuredmedia":[{"embeddable":true,"href":"https:\/\/www.conselharan.org\/es\/wp-json\/wp\/v2\/media\/41467"}],"wp:attachment":[{"href":"https:\/\/www.conselharan.org\/es\/wp-json\/wp\/v2\/media?parent=41470"}],"wp:term":[{"taxonomy":"category","embeddable":true,"href":"https:\/\/www.conselharan.org\/es\/wp-json\/wp\/v2\/categories?post=41470"},{"taxonomy":"post_tag","embeddable":true,"href":"https:\/\/www.conselharan.org\/es\/wp-json\/wp\/v2\/tags?post=41470"}],"curies":[{"name":"wp","href":"https:\/\/api.w.org\/{rel}","templated":true}]}}