{"id":4214,"date":"2014-07-16T09:55:56","date_gmt":"2014-07-16T07:55:56","guid":{"rendered":"http:\/\/www.conselharan.org\/?p=4214"},"modified":"2014-07-18T14:59:52","modified_gmt":"2014-07-18T12:59:52","slug":"primera-reunion-de-coordinacion-para-implantar-sensores-de-riadas","status":"publish","type":"post","link":"https:\/\/www.conselharan.org\/es\/primera-reunion-de-coordinacion-para-implantar-sensores-de-riadas\/","title":{"rendered":"Primera reuni\u00f3n de coordinaci\u00f3n para implantar sensores de riadas"},"content":{"rendered":"<p><strong>La corporaci\u00f3n provincial ha liderado la implantaci\u00f3n en el territorio de este proyecto europeo, que supone una inversi\u00f3n de cerca de 520.000 euros.<\/strong><\/p>\n<p><a href=\"http:\/\/www.conselharan.org\/wp-content\/uploads\/2014\/07\/big_foto_reunio_comprimida_editora_2_6435_0.jpg\"><img loading=\"lazy\" decoding=\"async\" class=\"aligncenter size-full wp-image-4205\" alt=\"big_foto_reunio_comprimida_editora_2_6435_0\" src=\"http:\/\/www.conselharan.org\/wp-content\/uploads\/2014\/07\/big_foto_reunio_comprimida_editora_2_6435_0.jpg\" width=\"448\" height=\"335\" srcset=\"https:\/\/www.conselharan.org\/wp-content\/uploads\/2014\/07\/big_foto_reunio_comprimida_editora_2_6435_0.jpg 448w, https:\/\/www.conselharan.org\/wp-content\/uploads\/2014\/07\/big_foto_reunio_comprimida_editora_2_6435_0-300x224.jpg 300w\" sizes=\"(max-width: 448px) 100vw, 448px\" \/><\/a><\/p>\n<p>El Conselh Generau d\u2019Aran acogi\u00f3 la semana pasada una reuni\u00f3n interinstitucional que supuso la puesta en marcha en las tierras de Lleida del proyecto europeo RisqHydro, de la Red transfronteriza de detecci\u00f3n de riesgos hidrol\u00f3gicos.<\/p>\n<p>La sesi\u00f3n, estuvo presidida por el vicepresidente tercero de la Diputaci\u00f3n de Lleida, <strong>Pau Perdices,<\/strong> y por el conselh\u00e8r de Territorio, <strong>Eduardo Valdecantos<\/strong>. Cont\u00f3 con participaci\u00f3n de representantes de todas las entidades socias: la Communaut\u00e9 de Communes de Saint-B\u00e9at, el Conselh Generau d\u2019Aran y los consells comarcales de la Alta Ribagor\u00e7a, la Alt Urgell, el Pallars Juss\u00e0 y el Pallars Sobir\u00e0.<\/p>\n<p>En el transcurso de la reuni\u00f3n, los representantes de las diversas instituciones lideradas por la Diputaci\u00f3n de Lleida constituyeron el comit\u00e9 de gesti\u00f3n del proyecto, ratificaron los acuerdos y establecieron las bases generales para el correcto desarrollo del proyecto.<\/p>\n<p><strong>RisqHydro<\/strong> es un proyecto encabezado por el ente provincial, mediante su Patronato de Promoci\u00f3n Econ\u00f3mica, y cuenta con un presupuesto de cerca de <strong>520.000\u20ac<\/strong>. Esta iniciativa, aceptada por el Programa de Ayudas a la Cooperaci\u00f3n Transfronteriza Espa\u00f1a-Francia-Andorra, tiene como objetivo establecer un sistema de alertas mediante la<strong> instalaci\u00f3n de una red de 30 sensores y estaciones meteorol\u00f3gicas, as\u00ed como la definici\u00f3n de protocolos de protecci\u00f3n civil de alerta por riadas por tal de evitar da\u00f1os personales y reducir al m\u00e1ximo los da\u00f1os materiales debido a posibles desbordamientos de los r\u00edos.<\/strong><\/p>\n<p>En palabras del conselh\u00e8r <strong>Valdecantos, \u00abeste proyecto tiene como finalidad prevenir las posibles emergencias en los r\u00edos de la Val d&#8217;Aran, en concreto el Garona. La implantaci\u00f3n de estos sensores dar\u00e1 seguridad a todas aquellas actividades econ\u00f3micas que se encuentran cerca del r\u00edo, como campings y varios deportes de aventura. Adem\u00e1s, crear\u00e1 una red de alertas, en caso de una venida de agua, dado que tendremos informaci\u00f3n de todo el curso del r\u00edo, desde donde nace hasta el otro lado de la frontera. Se usar\u00e1 para poder dar aviso de alerta y emergencia a las poblaciones situadas Garona abajo. Esta informaci\u00f3n se podr\u00e1 consultar en la Web del Conselh para conocimiento de la ciudadan\u00eda.\u00bb<\/strong><\/p>\n<p>Estos sistemas de sensores se instalar\u00e1n en las cabeceras de los r\u00edos Garona, Noguera Pallaresa, Noguera Ribagorzana y Segre para alertar del aumento de caudal y ayudar\u00e1n a prevenir las posibles riadas, como las que afectaron la Val d\u2019Aran y parte del Pallars Sobir\u00e0 y la Ribagor\u00e7a hace poco m\u00e1s de un a\u00f1o. La Diputaci\u00f3n de Lleida ha aportado casi 250.000 euros para diferentes actuaciones de emergencia como consecuencia de las riadas que se produjeron en la Val d\u2019Aran ahora hace un a\u00f1o.<\/p>\n ","protected":false},"excerpt":{"rendered":"<p>La corporaci\u00f3n provincial ha liderado la implantaci\u00f3n en el territorio de este proyecto europeo, que supone una inversi\u00f3n de cerca de 520.000 euros. El Conselh Generau d\u2019Aran acogi\u00f3 la semana pasada una reuni\u00f3n interinstitucional que supuso la puesta en marcha en las tierras de Lleida del proyecto europeo RisqHydro, de la Red transfronteriza de detecci\u00f3n&#8230;<\/p>\n","protected":false},"author":2,"featured_media":4205,"comment_status":"closed","ping_status":"closed","sticky":false,"template":"","format":"standard","meta":{"footnotes":""},"categories":[30,52,126,34],"tags":[],"_links":{"self":[{"href":"https:\/\/www.conselharan.org\/es\/wp-json\/wp\/v2\/posts\/4214"}],"collection":[{"href":"https:\/\/www.conselharan.org\/es\/wp-json\/wp\/v2\/posts"}],"about":[{"href":"https:\/\/www.conselharan.org\/es\/wp-json\/wp\/v2\/types\/post"}],"author":[{"embeddable":true,"href":"https:\/\/www.conselharan.org\/es\/wp-json\/wp\/v2\/users\/2"}],"replies":[{"embeddable":true,"href":"https:\/\/www.conselharan.org\/es\/wp-json\/wp\/v2\/comments?post=4214"}],"version-history":[{"count":1,"href":"https:\/\/www.conselharan.org\/es\/wp-json\/wp\/v2\/posts\/4214\/revisions"}],"predecessor-version":[{"id":4215,"href":"https:\/\/www.conselharan.org\/es\/wp-json\/wp\/v2\/posts\/4214\/revisions\/4215"}],"wp:featuredmedia":[{"embeddable":true,"href":"https:\/\/www.conselharan.org\/es\/wp-json\/wp\/v2\/media\/4205"}],"wp:attachment":[{"href":"https:\/\/www.conselharan.org\/es\/wp-json\/wp\/v2\/media?parent=4214"}],"wp:term":[{"taxonomy":"category","embeddable":true,"href":"https:\/\/www.conselharan.org\/es\/wp-json\/wp\/v2\/categories?post=4214"},{"taxonomy":"post_tag","embeddable":true,"href":"https:\/\/www.conselharan.org\/es\/wp-json\/wp\/v2\/tags?post=4214"}],"curies":[{"name":"wp","href":"https:\/\/api.w.org\/{rel}","templated":true}]}}