{"id":42383,"date":"2021-05-01T10:40:28","date_gmt":"2021-05-01T08:40:28","guid":{"rendered":"https:\/\/www.conselharan.org\/eth-conselh-generau-daran-dessenhe-eth-plan-de-vacunacion-massiva-ta-tota-era-poblacion-en-aran\/"},"modified":"2021-05-01T10:43:48","modified_gmt":"2021-05-01T08:43:48","slug":"eth-conselh-generau-daran-dessenhe-eth-plan-de-vacunacion-massiva-ta-tota-era-poblacion-en-aran","status":"publish","type":"post","link":"https:\/\/www.conselharan.org\/es\/eth-conselh-generau-daran-dessenhe-eth-plan-de-vacunacion-massiva-ta-tota-era-poblacion-en-aran\/","title":{"rendered":"El Conselh Generau d\u2019Aran dise\u00f1a el plan de vacunaci\u00f3n masiva para toda la poblaci\u00f3n en Aran"},"content":{"rendered":"<p><a href=\"https:\/\/www.conselharan.org\/wp-content\/uploads\/2021\/05\/AstraZeneca.png\"><img loading=\"lazy\" decoding=\"async\" class=\"aligncenter wp-image-42378 size-large\" src=\"https:\/\/www.conselharan.org\/wp-content\/uploads\/2021\/05\/AstraZeneca-1024x677.png\" alt=\"\" width=\"1024\" height=\"677\" srcset=\"https:\/\/www.conselharan.org\/wp-content\/uploads\/2021\/05\/AstraZeneca-1024x677.png 1024w, https:\/\/www.conselharan.org\/wp-content\/uploads\/2021\/05\/AstraZeneca-300x198.png 300w, https:\/\/www.conselharan.org\/wp-content\/uploads\/2021\/05\/AstraZeneca-768x507.png 768w, https:\/\/www.conselharan.org\/wp-content\/uploads\/2021\/05\/AstraZeneca.png 1385w\" sizes=\"(max-width: 1024px) 100vw, 1024px\" \/><\/a><\/p>\n<ul>\n<li>\n<h3><strong>A trav\u00e9s de Aran Salut, el Conselh Generau d\u2019Aran ha desarrollado un modelo organizativo propio que permitir\u00e1 agilizar el proceso en Aran, una vez que el Departamento de Salud de la Generalitat d\u00e9 luz verde a la vacunaci\u00f3n masiva de toda la poblaci\u00f3n <\/strong><\/h3>\n<\/li>\n<li>\n<h3><strong>Actualmente en la Val d\u2019Aran el 29,5% de la poblaci\u00f3n total mayor de 16 a\u00f1os ha recibido ya la primera dosis de la vacuna, y el 9,7% de este total ha completado el proceso de vacunaci\u00f3n<\/strong><\/h3>\n<\/li>\n<\/ul>\n<p>La campa\u00f1a de vacunaci\u00f3n de la Val d\u2019Aran contin\u00faa avanzando y, en estos momentos, se vacuna a los grupos de poblaci\u00f3n de entre 60 y 69 con AstraZeneca\/Oxford y de entre 70-79 a\u00f1os con Pfizer\/BioNTech y con Moderna\/Lonza, tal como establece el plan de vacunaci\u00f3n establecido por el Departamento de Salud de la Generalitat.<\/p>\n<p>En este sentido, ante la <strong>previsi\u00f3n de vacunaci\u00f3n masiva de la poblaci\u00f3n en las pr\u00f3ximas semanas<\/strong>, fuera de los colectivos definidos que ya se vacunan en la actualidad, el Conselh Generau d\u2019Aran, a trav\u00e9s de Aran Salut, ha dise\u00f1ado un <strong>modelo organizativo propio<\/strong>, que permitir\u00e1 <strong>gestionar esta vacunaci\u00f3n masiva de la poblaci\u00f3n con m\u00e1s agilidad y proximidad<\/strong>, tal y como ya se ha hecho durante estos meses con la gesti\u00f3n de la pandemia, creando un equipo transversal dedicado exclusivamente a este asunto.<\/p>\n<p>\u201cAl no tener un n\u00famero de habitantes elevado en Aran, nos hemos planteado un <strong>modelo donde los servicios sanitarios sean proactivos y contacten de forma directa con la ciudadan\u00eda<\/strong>\u201d manifestaba la s\u00edndica de Aran, Maria Verg\u00e9s, a\u00f1adiendo que: \u201clas <strong>competencias en materia de salud p\u00fablica<\/strong> que tiene el Conselh Generau, gracias a la <strong>Ley de Aran<\/strong>, permiten poder organizarnos con un <strong>modelo adaptado a nuestra realidad<\/strong>\u201d.<\/p>\n<p>El <strong>sistema sanitario aran\u00e9s cuenta con un equipo espec\u00edfico de vacunaci\u00f3n<\/strong> formado tanto por personal sanitario como administrativo, que se ocupa de la administraci\u00f3n de las dosis y del contacto con las personas de forma personalizada, llam\u00e1ndoles para informales de la posibilidad de vacunarse y reservando citas previas, facilitando as\u00ed el proceso de inscripci\u00f3n telem\u00e1tico que se sigue en el resto de Catalunya. Esta vacunaci\u00f3n en Aran se realiza en el <strong>Centro de Juventud Antara del Ayuntamiento de Vielha e Mijaran<\/strong> y, con la estructura establecida, se pueden llegar a <strong>administrar entre 180 y 200 dosis al d\u00eda<\/strong>.<\/p>\n<p>As\u00ed mismo, \u201cen el momento en el que el n\u00famero de dosis que llegan a Aran aumenten, as\u00ed como el n\u00famero de persona que quieran recibir la vacuna, <strong>estos datos se podr\u00edan ampliar f\u00e1cilmente con un segundo equipo<\/strong>\u201d, afirmaba la s\u00edndica de Aran a la vez que explicaba que: \u201cdesde el gobierno del Conselh Generau d\u2019Aran estamos muy satisfechos de haber podido desarrollar un <strong>modelo organizativo propio de vacunaci\u00f3n, que funcionar\u00e1 de acuerdo con las estrategias definidas por las autoridades competentes<\/strong>\u201d y a\u00f1ad\u00eda que: \u201cen estos momentos, la campa\u00f1a de vacunaci\u00f3n avanza siguiendo el Plan de Vacunaci\u00f3n establecido por el Departamento de Salud, que delimita la vacunaci\u00f3n a grupos concretos de poblaci\u00f3n, sin embargo, en Aran ya estamos listos para la siguiente fase de este Plan, que es la vacunaci\u00f3n masiva de toda la poblaci\u00f3n\u201d.<\/p>\n<p>En este sentido, la s\u00edndica de Aran ha querido <strong>agradecer de nuevo el \u201ccompromiso y el esfuerzo de los profesionales sanitarios de Aran, y de sus responsables ante esta pandemia<\/strong> y, concretamente ahora, de la vacunaci\u00f3n, especialmente teniendo en cuenta que hemos atravesado un a\u00f1o muy complicado, que ha tensionado nuestro sistema sanitario\u201d, y se\u00f1alaba que \u201ces importante que la gente de nuestro territorio sea consciente de que <strong>la vacuna es segura y que es la \u00fanica herramienta que tenemos para conseguir la normalidad tras esta pandemia<\/strong>\u201d y animaba a \u201ctodas aquellas personas que pertenecen a los colectivos llamados a vacunarse, a hacerlo\u201d.<\/p>\n<p>Cabe recordar que las <strong>personas de entre 60-69 a\u00f1os<\/strong> interesadas en vacunarse <strong>se pueden inscribir a trav\u00e9s de la<\/strong> <strong><u><a href=\"https:\/\/vacunacovid.catsalut.gencat.cat\/inici?qtoken=1a8dfedd-002a-42f4-84a9-82b1474852cf\">web habilitada<\/a><\/u><\/strong> por el Departamento de Salud.<\/p>\n ","protected":false},"excerpt":{"rendered":"<p>A trav\u00e9s de Aran Salut, el Conselh Generau d\u2019Aran ha desarrollado un modelo organizativo propio que permitir\u00e1 agilizar el proceso en Aran, una vez que el Departamento de Salud de la Generalitat d\u00e9 luz verde a la vacunaci\u00f3n masiva de toda la poblaci\u00f3n Actualmente en la Val d\u2019Aran el 29,5% de la poblaci\u00f3n total mayor&#8230;<\/p>\n","protected":false},"author":10,"featured_media":42380,"comment_status":"closed","ping_status":"closed","sticky":false,"template":"","format":"standard","meta":{"footnotes":""},"categories":[52,789],"tags":[],"_links":{"self":[{"href":"https:\/\/www.conselharan.org\/es\/wp-json\/wp\/v2\/posts\/42383"}],"collection":[{"href":"https:\/\/www.conselharan.org\/es\/wp-json\/wp\/v2\/posts"}],"about":[{"href":"https:\/\/www.conselharan.org\/es\/wp-json\/wp\/v2\/types\/post"}],"author":[{"embeddable":true,"href":"https:\/\/www.conselharan.org\/es\/wp-json\/wp\/v2\/users\/10"}],"replies":[{"embeddable":true,"href":"https:\/\/www.conselharan.org\/es\/wp-json\/wp\/v2\/comments?post=42383"}],"version-history":[{"count":2,"href":"https:\/\/www.conselharan.org\/es\/wp-json\/wp\/v2\/posts\/42383\/revisions"}],"predecessor-version":[{"id":42385,"href":"https:\/\/www.conselharan.org\/es\/wp-json\/wp\/v2\/posts\/42383\/revisions\/42385"}],"wp:featuredmedia":[{"embeddable":true,"href":"https:\/\/www.conselharan.org\/es\/wp-json\/wp\/v2\/media\/42380"}],"wp:attachment":[{"href":"https:\/\/www.conselharan.org\/es\/wp-json\/wp\/v2\/media?parent=42383"}],"wp:term":[{"taxonomy":"category","embeddable":true,"href":"https:\/\/www.conselharan.org\/es\/wp-json\/wp\/v2\/categories?post=42383"},{"taxonomy":"post_tag","embeddable":true,"href":"https:\/\/www.conselharan.org\/es\/wp-json\/wp\/v2\/tags?post=42383"}],"curies":[{"name":"wp","href":"https:\/\/api.w.org\/{rel}","templated":true}]}}