{"id":43576,"date":"2021-07-14T13:29:23","date_gmt":"2021-07-14T11:29:23","guid":{"rendered":"https:\/\/www.conselharan.org\/quate-casi-positius-per-covid-19-confirmadi\/"},"modified":"2021-07-14T13:30:59","modified_gmt":"2021-07-14T11:30:59","slug":"quate-casi-positius-per-covid-19-confirmadi","status":"publish","type":"post","link":"https:\/\/www.conselharan.org\/es\/quate-casi-positius-per-covid-19-confirmadi\/","title":{"rendered":"Cuatro casos positivos por COVID-19 confirmados"},"content":{"rendered":"<p><a href=\"https:\/\/www.conselharan.org\/wp-content\/uploads\/2021\/07\/Actualizacion-donades-COVID.png\"><img loading=\"lazy\" decoding=\"async\" class=\"aligncenter wp-image-43550 size-large\" src=\"https:\/\/www.conselharan.org\/wp-content\/uploads\/2021\/07\/Actualizacion-donades-COVID-1024x1024.png\" alt=\"\" width=\"1024\" height=\"1024\" srcset=\"https:\/\/www.conselharan.org\/wp-content\/uploads\/2021\/07\/Actualizacion-donades-COVID-1024x1024.png 1024w, https:\/\/www.conselharan.org\/wp-content\/uploads\/2021\/07\/Actualizacion-donades-COVID-300x300.png 300w, https:\/\/www.conselharan.org\/wp-content\/uploads\/2021\/07\/Actualizacion-donades-COVID-150x150.png 150w, https:\/\/www.conselharan.org\/wp-content\/uploads\/2021\/07\/Actualizacion-donades-COVID-768x768.png 768w, https:\/\/www.conselharan.org\/wp-content\/uploads\/2021\/07\/Actualizacion-donades-COVID-270x270.png 270w, https:\/\/www.conselharan.org\/wp-content\/uploads\/2021\/07\/Actualizacion-donades-COVID-207x207.png 207w, https:\/\/www.conselharan.org\/wp-content\/uploads\/2021\/07\/Actualizacion-donades-COVID-75x75.png 75w, https:\/\/www.conselharan.org\/wp-content\/uploads\/2021\/07\/Actualizacion-donades-COVID.png 1080w\" sizes=\"(max-width: 1024px) 100vw, 1024px\" \/><\/a><\/p>\n<ul>\n<li>\n<h3><strong>Actualmente, no hay ninguna persona ingresada por COVID-19 en el Espitau Val d\u2019Aran<\/strong><\/h3>\n<\/li>\n<\/ul>\n<p>El Conselh Generau d\u2019Aran recuerda que ya est\u00e1 abierta la vacunaci\u00f3n para las personas mayores de 16 a\u00f1os, se puede pedir cita a trav\u00e9s de esta web: <a href=\"https:\/\/vacunacovid.catsalut.gencat.cat\/\">https:\/\/vacunacovid.catsalut.gencat.cat\/<\/a>.<\/p>\n<p>Recordamos la necesidad de seguir las medidas preventivas establecidas por las autoridades sanitarias.<\/p>\n ","protected":false},"excerpt":{"rendered":"<p>Actualmente, no hay ninguna persona ingresada por COVID-19 en el Espitau Val d\u2019Aran El Conselh Generau d\u2019Aran recuerda que ya est\u00e1 abierta la vacunaci\u00f3n para las personas mayores de 16 a\u00f1os, se puede pedir cita a trav\u00e9s de esta web: https:\/\/vacunacovid.catsalut.gencat.cat\/. Recordamos la necesidad de seguir las medidas preventivas establecidas por las autoridades sanitarias.<\/p>\n","protected":false},"author":10,"featured_media":43552,"comment_status":"closed","ping_status":"closed","sticky":false,"template":"","format":"standard","meta":{"footnotes":""},"categories":[34,789],"tags":[],"_links":{"self":[{"href":"https:\/\/www.conselharan.org\/es\/wp-json\/wp\/v2\/posts\/43576"}],"collection":[{"href":"https:\/\/www.conselharan.org\/es\/wp-json\/wp\/v2\/posts"}],"about":[{"href":"https:\/\/www.conselharan.org\/es\/wp-json\/wp\/v2\/types\/post"}],"author":[{"embeddable":true,"href":"https:\/\/www.conselharan.org\/es\/wp-json\/wp\/v2\/users\/10"}],"replies":[{"embeddable":true,"href":"https:\/\/www.conselharan.org\/es\/wp-json\/wp\/v2\/comments?post=43576"}],"version-history":[{"count":1,"href":"https:\/\/www.conselharan.org\/es\/wp-json\/wp\/v2\/posts\/43576\/revisions"}],"predecessor-version":[{"id":43577,"href":"https:\/\/www.conselharan.org\/es\/wp-json\/wp\/v2\/posts\/43576\/revisions\/43577"}],"wp:featuredmedia":[{"embeddable":true,"href":"https:\/\/www.conselharan.org\/es\/wp-json\/wp\/v2\/media\/43552"}],"wp:attachment":[{"href":"https:\/\/www.conselharan.org\/es\/wp-json\/wp\/v2\/media?parent=43576"}],"wp:term":[{"taxonomy":"category","embeddable":true,"href":"https:\/\/www.conselharan.org\/es\/wp-json\/wp\/v2\/categories?post=43576"},{"taxonomy":"post_tag","embeddable":true,"href":"https:\/\/www.conselharan.org\/es\/wp-json\/wp\/v2\/tags?post=43576"}],"curies":[{"name":"wp","href":"https:\/\/api.w.org\/{rel}","templated":true}]}}