{"id":44145,"date":"2021-08-16T12:27:12","date_gmt":"2021-08-16T10:27:12","guid":{"rendered":"https:\/\/www.conselharan.org\/cinc-casi-positius-per-covid-19-confirmadi-pendent-era-dimenjada\/"},"modified":"2021-08-16T12:27:55","modified_gmt":"2021-08-16T10:27:55","slug":"cinc-casi-positius-per-covid-19-confirmadi-pendent-era-dimenjada","status":"publish","type":"post","link":"https:\/\/www.conselharan.org\/es\/cinc-casi-positius-per-covid-19-confirmadi-pendent-era-dimenjada\/","title":{"rendered":"Cinco casos positivos por COVID-19 confirmados durante el fin de semana"},"content":{"rendered":"<p><a href=\"https:\/\/www.conselharan.org\/wp-content\/uploads\/2021\/07\/Actualizacion-donades-COVID.png\"><img loading=\"lazy\" decoding=\"async\" class=\"aligncenter wp-image-43550 size-large\" src=\"https:\/\/www.conselharan.org\/wp-content\/uploads\/2021\/07\/Actualizacion-donades-COVID-1024x1024.png\" alt=\"\" width=\"1024\" height=\"1024\" srcset=\"https:\/\/www.conselharan.org\/wp-content\/uploads\/2021\/07\/Actualizacion-donades-COVID-1024x1024.png 1024w, https:\/\/www.conselharan.org\/wp-content\/uploads\/2021\/07\/Actualizacion-donades-COVID-300x300.png 300w, https:\/\/www.conselharan.org\/wp-content\/uploads\/2021\/07\/Actualizacion-donades-COVID-150x150.png 150w, https:\/\/www.conselharan.org\/wp-content\/uploads\/2021\/07\/Actualizacion-donades-COVID-768x768.png 768w, https:\/\/www.conselharan.org\/wp-content\/uploads\/2021\/07\/Actualizacion-donades-COVID-270x270.png 270w, https:\/\/www.conselharan.org\/wp-content\/uploads\/2021\/07\/Actualizacion-donades-COVID-207x207.png 207w, https:\/\/www.conselharan.org\/wp-content\/uploads\/2021\/07\/Actualizacion-donades-COVID-75x75.png 75w, https:\/\/www.conselharan.org\/wp-content\/uploads\/2021\/07\/Actualizacion-donades-COVID.png 1080w\" sizes=\"(max-width: 1024px) 100vw, 1024px\" \/><\/a><\/p>\n<ul>\n<li>\n<h3><strong>Se ha llevado a cabo un nuevo ingreso en la planta COVID-19, donde actualmente hay 2 personas ingresadas<\/strong><\/h3>\n<\/li>\n<\/ul>\n<p>De los cinco nuevos casos, 1 se detect\u00f3 el viernes, d\u00eda 13, dos el s\u00e1bado y dos m\u00e1s ayer, domingo.<\/p>\n<p>El gobierno del Conselh Generau d\u2019Aran recuerda la necesidad de seguir las medidas preventivas establecidas por las autoridades sanitarias, as\u00ed como la importancia de vacunarse.<\/p>\n ","protected":false},"excerpt":{"rendered":"<p>Se ha llevado a cabo un nuevo ingreso en la planta COVID-19, donde actualmente hay 2 personas ingresadas De los cinco nuevos casos, 1 se detect\u00f3 el viernes, d\u00eda 13, dos el s\u00e1bado y dos m\u00e1s ayer, domingo. El gobierno del Conselh Generau d\u2019Aran recuerda la necesidad de seguir las medidas preventivas establecidas por las&#8230;<\/p>\n","protected":false},"author":10,"featured_media":43552,"comment_status":"closed","ping_status":"closed","sticky":false,"template":"","format":"standard","meta":{"footnotes":""},"categories":[34,789],"tags":[],"_links":{"self":[{"href":"https:\/\/www.conselharan.org\/es\/wp-json\/wp\/v2\/posts\/44145"}],"collection":[{"href":"https:\/\/www.conselharan.org\/es\/wp-json\/wp\/v2\/posts"}],"about":[{"href":"https:\/\/www.conselharan.org\/es\/wp-json\/wp\/v2\/types\/post"}],"author":[{"embeddable":true,"href":"https:\/\/www.conselharan.org\/es\/wp-json\/wp\/v2\/users\/10"}],"replies":[{"embeddable":true,"href":"https:\/\/www.conselharan.org\/es\/wp-json\/wp\/v2\/comments?post=44145"}],"version-history":[{"count":1,"href":"https:\/\/www.conselharan.org\/es\/wp-json\/wp\/v2\/posts\/44145\/revisions"}],"predecessor-version":[{"id":44146,"href":"https:\/\/www.conselharan.org\/es\/wp-json\/wp\/v2\/posts\/44145\/revisions\/44146"}],"wp:featuredmedia":[{"embeddable":true,"href":"https:\/\/www.conselharan.org\/es\/wp-json\/wp\/v2\/media\/43552"}],"wp:attachment":[{"href":"https:\/\/www.conselharan.org\/es\/wp-json\/wp\/v2\/media?parent=44145"}],"wp:term":[{"taxonomy":"category","embeddable":true,"href":"https:\/\/www.conselharan.org\/es\/wp-json\/wp\/v2\/categories?post=44145"},{"taxonomy":"post_tag","embeddable":true,"href":"https:\/\/www.conselharan.org\/es\/wp-json\/wp\/v2\/tags?post=44145"}],"curies":[{"name":"wp","href":"https:\/\/api.w.org\/{rel}","templated":true}]}}