{"id":45154,"date":"2021-10-14T14:39:33","date_gmt":"2021-10-14T12:39:33","guid":{"rendered":"https:\/\/www.conselharan.org\/eth-conselh-generau-daran-collaborara-damb-er-ajuntament-de-vielha-e-mijaran-en-mantenement-deth-palai-de-geu\/"},"modified":"2021-10-14T14:41:03","modified_gmt":"2021-10-14T12:41:03","slug":"eth-conselh-generau-daran-collaborara-damb-er-ajuntament-de-vielha-e-mijaran-en-mantenement-deth-palai-de-geu","status":"publish","type":"post","link":"https:\/\/www.conselharan.org\/es\/eth-conselh-generau-daran-collaborara-damb-er-ajuntament-de-vielha-e-mijaran-en-mantenement-deth-palai-de-geu\/","title":{"rendered":"El Conselh Generau d\u2019Aran colaborar\u00e1 con el Ayuntamiento de Vielha e Mijaran en el mantenimiento del Palai de G\u00e8u"},"content":{"rendered":"<p><a href=\"https:\/\/www.conselharan.org\/wp-content\/uploads\/2021\/10\/IMG_9591-scaled.jpg\"><img loading=\"lazy\" decoding=\"async\" class=\"aligncenter wp-image-45149 size-large\" src=\"https:\/\/www.conselharan.org\/wp-content\/uploads\/2021\/10\/IMG_9591-1024x768.jpg\" alt=\"\" width=\"1024\" height=\"768\" srcset=\"https:\/\/www.conselharan.org\/wp-content\/uploads\/2021\/10\/IMG_9591-1024x768.jpg 1024w, https:\/\/www.conselharan.org\/wp-content\/uploads\/2021\/10\/IMG_9591-300x225.jpg 300w, https:\/\/www.conselharan.org\/wp-content\/uploads\/2021\/10\/IMG_9591-768x576.jpg 768w, https:\/\/www.conselharan.org\/wp-content\/uploads\/2021\/10\/IMG_9591-1536x1152.jpg 1536w, https:\/\/www.conselharan.org\/wp-content\/uploads\/2021\/10\/IMG_9591-2048x1536.jpg 2048w\" sizes=\"(max-width: 1024px) 100vw, 1024px\" \/><\/a><\/p>\n<ul>\n<li>\n<h3><strong>Durante la sesi\u00f3n plenaria de hoy, el gobierno del Conselh Generau d\u2019Aran ha aprobado una modificaci\u00f3n de cr\u00e9dito que incluye una partida de 100.000 euros que, como forma de colaboraci\u00f3n con el Ayuntamiento de Vielha e Mijaran, ir\u00e1n destinados en el mantenimiento de este equipamiento deportivo<\/strong><\/h3>\n<\/li>\n<\/ul>\n<p>El Pleno del Conselh Generau d\u2019Aran en sesi\u00f3n extraordinaria ha aprobado hoy, con los votos a favor de UA y la abstenci\u00f3n de CA, la modificaci\u00f3n de cr\u00e9dito del presupuesto general del gobierno de Aran para el a\u00f1o 2021. Esta modificaci\u00f3n incluye una partida de 100.000 euros destinados al convenio de colaboraci\u00f3n con el Ayuntamiento de Vielha e Mijaran para el mantenimiento del Palai de G\u00e8u.<\/p>\n<p>\u201cEsta es la primera vez que el Conselh Generau d\u2019Aran colabora con el Ayuntamiento de Vielha e Mijaran en el mantenimiento de este equipamiento y lo hacemos porque estamos convencidos de la importancia que tiene el Palai de G\u00e8u de Vielha para el conjunto de la poblaci\u00f3n de la Val d\u2019Aran\u201d, explicaba la s\u00edndica de Aran, Maria Verg\u00e9s, a\u00f1adiendo que: \u201cnuestra poblaci\u00f3n necesita una buena infraestructura deportiva pero somos conscientes de que el consistorio necesita la cooperaci\u00f3n y aportaci\u00f3n de otras entidades para hacer frente a las problem\u00e1ticas que afectan a esta infraestructura\u201d.<\/p>\n<p>Adem\u00e1s, esta \u00faltima modificaci\u00f3n de cr\u00e9dito del presupuesto del Conselh Generau d\u2019Aran incorpora tambi\u00e9n una partida de colaboraci\u00f3n con la EMD de Arr\u00f2s y Vila para el uso de la nave industrial que ocupa la brigada del Conselh Generau y otra con el Ayuntamiento de Naut Aran, con la que se cierra el convenio para rehabilitaci\u00f3n del campanario de la Iglesia de Salard\u00fa.<\/p>\n ","protected":false},"excerpt":{"rendered":"<p>Durante la sesi\u00f3n plenaria de hoy, el gobierno del Conselh Generau d\u2019Aran ha aprobado una modificaci\u00f3n de cr\u00e9dito que incluye una partida de 100.000 euros que, como forma de colaboraci\u00f3n con el Ayuntamiento de Vielha e Mijaran, ir\u00e1n destinados en el mantenimiento de este equipamiento deportivo El Pleno del Conselh Generau d\u2019Aran en sesi\u00f3n extraordinaria&#8230;<\/p>\n","protected":false},"author":10,"featured_media":45151,"comment_status":"closed","ping_status":"closed","sticky":false,"template":"","format":"standard","meta":{"footnotes":""},"categories":[135,52],"tags":[],"_links":{"self":[{"href":"https:\/\/www.conselharan.org\/es\/wp-json\/wp\/v2\/posts\/45154"}],"collection":[{"href":"https:\/\/www.conselharan.org\/es\/wp-json\/wp\/v2\/posts"}],"about":[{"href":"https:\/\/www.conselharan.org\/es\/wp-json\/wp\/v2\/types\/post"}],"author":[{"embeddable":true,"href":"https:\/\/www.conselharan.org\/es\/wp-json\/wp\/v2\/users\/10"}],"replies":[{"embeddable":true,"href":"https:\/\/www.conselharan.org\/es\/wp-json\/wp\/v2\/comments?post=45154"}],"version-history":[{"count":1,"href":"https:\/\/www.conselharan.org\/es\/wp-json\/wp\/v2\/posts\/45154\/revisions"}],"predecessor-version":[{"id":45155,"href":"https:\/\/www.conselharan.org\/es\/wp-json\/wp\/v2\/posts\/45154\/revisions\/45155"}],"wp:featuredmedia":[{"embeddable":true,"href":"https:\/\/www.conselharan.org\/es\/wp-json\/wp\/v2\/media\/45151"}],"wp:attachment":[{"href":"https:\/\/www.conselharan.org\/es\/wp-json\/wp\/v2\/media?parent=45154"}],"wp:term":[{"taxonomy":"category","embeddable":true,"href":"https:\/\/www.conselharan.org\/es\/wp-json\/wp\/v2\/categories?post=45154"},{"taxonomy":"post_tag","embeddable":true,"href":"https:\/\/www.conselharan.org\/es\/wp-json\/wp\/v2\/tags?post=45154"}],"curies":[{"name":"wp","href":"https:\/\/api.w.org\/{rel}","templated":true}]}}