{"id":45253,"date":"2021-10-21T13:43:19","date_gmt":"2021-10-21T11:43:19","guid":{"rendered":"https:\/\/www.conselharan.org\/era-comission-durbanisme-dera-val-daran-facilite-era-creacion-deth-museu-dera-casa-deth-haro-en-les\/"},"modified":"2021-10-21T13:45:56","modified_gmt":"2021-10-21T11:45:56","slug":"era-comission-durbanisme-dera-val-daran-facilite-era-creacion-deth-museu-dera-casa-deth-haro-en-les","status":"publish","type":"post","link":"https:\/\/www.conselharan.org\/es\/era-comission-durbanisme-dera-val-daran-facilite-era-creacion-deth-museu-dera-casa-deth-haro-en-les\/","title":{"rendered":"La Comisi\u00f3n de Urbanismo de la Val d\u2019Aran facilita la creaci\u00f3n del Museo de la Casa deth Haro en Les"},"content":{"rendered":"<p><a href=\"https:\/\/www.conselharan.org\/wp-content\/uploads\/2021\/10\/IMG_9701-scaled.jpg\"><img loading=\"lazy\" decoding=\"async\" class=\"aligncenter wp-image-45248 size-large\" src=\"https:\/\/www.conselharan.org\/wp-content\/uploads\/2021\/10\/IMG_9701-1024x768.jpg\" alt=\"\" width=\"1024\" height=\"768\" srcset=\"https:\/\/www.conselharan.org\/wp-content\/uploads\/2021\/10\/IMG_9701-1024x768.jpg 1024w, https:\/\/www.conselharan.org\/wp-content\/uploads\/2021\/10\/IMG_9701-300x225.jpg 300w, https:\/\/www.conselharan.org\/wp-content\/uploads\/2021\/10\/IMG_9701-768x576.jpg 768w, https:\/\/www.conselharan.org\/wp-content\/uploads\/2021\/10\/IMG_9701-1536x1152.jpg 1536w, https:\/\/www.conselharan.org\/wp-content\/uploads\/2021\/10\/IMG_9701-2048x1536.jpg 2048w\" sizes=\"(max-width: 1024px) 100vw, 1024px\" \/><\/a><\/p>\n<ul>\n<li>\n<h3><strong>La Comisi\u00f3n de Urbanismo de Aran ha aprobado hoy la modificaci\u00f3n del planeamiento para hacer posible la implantaci\u00f3n de este equipamiento divulgativo y cultural en dos parcelas municipales<\/strong><\/h3>\n<\/li>\n<li>\n<h3><strong>Luz verde definitiva tambi\u00e9n a la ampliaci\u00f3n del camping Verneda de Vielha e Mijaran con 13 unidades de acampada m\u00e1s y el cambio de ubicaci\u00f3n de otras para minimizar el riesgo de inundaciones y mejorar la seguridad de usuarios y usuarias<\/strong><\/h3>\n<\/li>\n<\/ul>\n<p>La Comisi\u00f3n de Urbanismo de la Val d\u2019Aran, presidida pera sindica d\u2019Aran, Maria Verg\u00e9s, y el secretario de Agenda Urbana y Territorio, Agust\u00ed Serra, ha aprobado hoy una modificaci\u00f3n de planeamiento que permitir\u00e1 la creaci\u00f3n del Museo de la Casa del Haro de Les, un centro de interpretaci\u00f3n que pondr\u00e1 en valor las Fiestas del Fuego en el territorio. As\u00ed mismo, la Comisi\u00f3n ha dado el \u00faltimo visto bueno a la ampliaci\u00f3n del camping Verneda, ubicado en el municipio de Vielha e Mijaran.<\/p>\n<p>El Museo se ubicar\u00e1 en el actual edificio de la Casa del Haro del pueblo de Les, que se rehabilitar\u00e1 para ampliarlo a la parcela de al lado. Ambas parcelas son de propiedad municipal.<\/p>\n<p>La Comisi\u00f3n ha aprobado la modificaci\u00f3n de las Normas de planeamiento de la Val d\u2019Aran en este emplazamiento \u00a0de Les para calificar las dos parcelas como equipamiento comunitario con uso sociocultural. La creaci\u00f3n de este centro de interpretaci\u00f3n de las fiestas del fuego est\u00e1 financiada por el Departament de Cultura de la Generalitat.<\/p>\n<p>En el caso del municipio de Vielha e Mijaran, la comisi\u00f3n ya hab\u00eda aprobado el Plan especial para la ampliaci\u00f3n del camping Verneda el pasado mes de abril, pero se hab\u00eda supeditado su entrada en vigor a la presentaci\u00f3n de un texto refundido, que permitir\u00e1 la ampliaci\u00f3n.<\/p>\n<p>El camping Verneda, ubicado en P\u00f2nt d\u2019Arr\u00f2s al largo de ambos lados del r\u00edo Garona y entre el camino real y la N-230, obtuvo la autorizaci\u00f3n de apertura por parte del Ayuntamiento en 1986 y actualmente cuenta con 182 unidades de acampada (23 fijas y 159 m\u00f3viles), con capacidad para 564 usuarios.<\/p>\n<p>Se divide en tres \u00e1mbitos, uno al margen derecho del r\u00edo donde se ubican los edificios principales y un aparcamiento, el segundo en el margen izquierdo del r\u00edo, donde se encuentran las unidades de acampada y otro edificio de servicios, y un tercer \u00e1mbito con zona deportiva y espacios libres. Las instalaciones existentes se encuentran parcialmente en zona inundable.<\/p>\n<p>El Plan propone ampliar la superficie del camping en 30.640 m<sup>2<\/sup> de terreno, en continuidad con el tercer \u00e1mbito, a ambos lados del camino real. Esto permitir\u00e1 disponer de m\u00e1s espacio para redistribuir las unidades fijas y m\u00f3viles y las edificaciones por todo el \u00e1mbito del camping, alej\u00e1ndose de la zona inundable y garantizando as\u00ed la seguridad de las personas usuarias. La mejora de las instalaciones tambi\u00e9n dar\u00e1 cumplimiento a los requisitos e un camping de segunda categor\u00eda.<\/p>\n<p>As\u00ed, se pasa de 182 unidades de acampada a 195 (75 fijas y 120 m\u00f3viles), un total de 13 adicionales. Adem\u00e1s, se cambiar\u00e1 la ubicaci\u00f3n de 35 unidades de acampada existentes ubicadas en zona inundable y, como consecuencia, se ampliar\u00e1 la zona verde paralela al r\u00edo. Tambi\u00e9n se ampliar\u00e1n los actuales edificios de servicios y se crear\u00e1n nuevos, uno al lado del campo de futbol y otro al sur del camino real. Los espacios libres se incrementan en 26.240m2. El Plan establece que se retirar\u00e1n las unidades de acampada ubicadas en zonas inundables en un m\u00e1ximo de 5 a\u00f1os, y que el conjunto de los trabajos contemplados se desarrollar\u00e1 en un m\u00e1ximo de 10 a\u00f1os.<\/p>\n ","protected":false},"excerpt":{"rendered":"<p>La Comisi\u00f3n de Urbanismo de Aran ha aprobado hoy la modificaci\u00f3n del planeamiento para hacer posible la implantaci\u00f3n de este equipamiento divulgativo y cultural en dos parcelas municipales Luz verde definitiva tambi\u00e9n a la ampliaci\u00f3n del camping Verneda de Vielha e Mijaran con 13 unidades de acampada m\u00e1s y el cambio de ubicaci\u00f3n de otras&#8230;<\/p>\n","protected":false},"author":10,"featured_media":45250,"comment_status":"closed","ping_status":"closed","sticky":false,"template":"","format":"standard","meta":{"footnotes":""},"categories":[34],"tags":[],"_links":{"self":[{"href":"https:\/\/www.conselharan.org\/es\/wp-json\/wp\/v2\/posts\/45253"}],"collection":[{"href":"https:\/\/www.conselharan.org\/es\/wp-json\/wp\/v2\/posts"}],"about":[{"href":"https:\/\/www.conselharan.org\/es\/wp-json\/wp\/v2\/types\/post"}],"author":[{"embeddable":true,"href":"https:\/\/www.conselharan.org\/es\/wp-json\/wp\/v2\/users\/10"}],"replies":[{"embeddable":true,"href":"https:\/\/www.conselharan.org\/es\/wp-json\/wp\/v2\/comments?post=45253"}],"version-history":[{"count":2,"href":"https:\/\/www.conselharan.org\/es\/wp-json\/wp\/v2\/posts\/45253\/revisions"}],"predecessor-version":[{"id":45255,"href":"https:\/\/www.conselharan.org\/es\/wp-json\/wp\/v2\/posts\/45253\/revisions\/45255"}],"wp:featuredmedia":[{"embeddable":true,"href":"https:\/\/www.conselharan.org\/es\/wp-json\/wp\/v2\/media\/45250"}],"wp:attachment":[{"href":"https:\/\/www.conselharan.org\/es\/wp-json\/wp\/v2\/media?parent=45253"}],"wp:term":[{"taxonomy":"category","embeddable":true,"href":"https:\/\/www.conselharan.org\/es\/wp-json\/wp\/v2\/categories?post=45253"},{"taxonomy":"post_tag","embeddable":true,"href":"https:\/\/www.conselharan.org\/es\/wp-json\/wp\/v2\/tags?post=45253"}],"curies":[{"name":"wp","href":"https:\/\/api.w.org\/{rel}","templated":true}]}}