{"id":45267,"date":"2021-10-22T12:41:59","date_gmt":"2021-10-22T10:41:59","guid":{"rendered":"https:\/\/www.conselharan.org\/era-sindica-daran-inicie-ua-ronda-de-visites-as-tercons-dera-val-daran\/"},"modified":"2021-10-22T12:45:22","modified_gmt":"2021-10-22T10:45:22","slug":"era-sindica-daran-inicie-ua-ronda-de-visites-as-tercons-dera-val-daran","status":"publish","type":"post","link":"https:\/\/www.conselharan.org\/es\/era-sindica-daran-inicie-ua-ronda-de-visites-as-tercons-dera-val-daran\/","title":{"rendered":"La s\u00edndica de Aran inicia una ronda de visitas a los ter\u00e7ons de la Val d\u2019Aran"},"content":{"rendered":"<p><a href=\"https:\/\/www.conselharan.org\/wp-content\/uploads\/2021\/10\/Visita-as-ter\u00e7ons_NautAran_AR-scaled.jpg\"><img loading=\"lazy\" decoding=\"async\" class=\"aligncenter wp-image-45262 size-large\" src=\"https:\/\/www.conselharan.org\/wp-content\/uploads\/2021\/10\/Visita-as-ter\u00e7ons_NautAran_AR-819x1024.jpg\" alt=\"\" width=\"819\" height=\"1024\" srcset=\"https:\/\/www.conselharan.org\/wp-content\/uploads\/2021\/10\/Visita-as-ter\u00e7ons_NautAran_AR-819x1024.jpg 819w, https:\/\/www.conselharan.org\/wp-content\/uploads\/2021\/10\/Visita-as-ter\u00e7ons_NautAran_AR-240x300.jpg 240w, https:\/\/www.conselharan.org\/wp-content\/uploads\/2021\/10\/Visita-as-ter\u00e7ons_NautAran_AR-768x960.jpg 768w, https:\/\/www.conselharan.org\/wp-content\/uploads\/2021\/10\/Visita-as-ter\u00e7ons_NautAran_AR-1229x1536.jpg 1229w, https:\/\/www.conselharan.org\/wp-content\/uploads\/2021\/10\/Visita-as-ter\u00e7ons_NautAran_AR-1638x2048.jpg 1638w, https:\/\/www.conselharan.org\/wp-content\/uploads\/2021\/10\/Visita-as-ter\u00e7ons_NautAran_AR-scaled.jpg 2048w\" sizes=\"(max-width: 819px) 100vw, 819px\" \/><\/a><\/p>\n<ul>\n<li>\n<h3><strong>Durante estas visitas, la s\u00edndica se reunir\u00e1 con los alcaldes y alcaldesas de cada <em>ter\u00e7on <\/em>y se entrevistar\u00e1 con la ciudadan\u00eda que, bajo cita previa, quiera reunirse con ella y con los consejeros y consejeras del gobierno en cada <em>ter\u00e7on<\/em> para plantearles los asuntos que consideren<\/strong><\/h3>\n<\/li>\n<\/ul>\n<p>La s\u00edndica de Aran, Maria Verg\u00e9s, acompa\u00f1ada por los consejeros y consejeras del gobierno en cada <em>ter\u00e7on<\/em>, iniciar\u00e1 en los pr\u00f3ximos d\u00edas una ronda de visitas a los distintos <em>ter\u00e7ons<\/em> de la Val d\u2019Aran para reunirse con los alcaldes y alcaldesas, recibir a la ciudadan\u00eda que tenga alg\u00fan asunto a exponer y conocer as\u00ed de primera mano las necesidades de cada lugar.<\/p>\n<p>\u201cUna de las cosas que queremos potenciar es la proximidad con la ciudadan\u00eda aranesa, conscientes de que la transparencia y la comunicaci\u00f3n son cuestiones claves para, por un lado, dar a conocer el trabajo que el gobierno de Aran lleva a cabo y, por el otro, recibir las opiniones y preocupaciones de nuestros vecinos y vecinas\u201d, explicaba la s\u00edndica de Aran, a\u00f1adiendo que: \u201cesta era una acci\u00f3n que hace mucho tiempo que ten\u00edamos planeada, pero que a causa de la pandemia tuvimos que aplazar hasta que la situaci\u00f3n sanitaria se volviera m\u00e1s estable\u201d.<\/p>\n<p>Este viernes, 29 de octubre, la s\u00edndica visitar\u00e1 los <em>ter\u00e7ons<\/em> de Puj\u00f2lo y Arties e Gar\u00f2s. Las personas que quieran reunirse con ella y los consejeros del gobierno, podr\u00e1n solicitarlo enviando un email a <a href=\"mailto:sindicatura@aran.org\">sindicatura@aran.org<\/a> o llamando al 973 64 15 49.<\/p>\n ","protected":false},"excerpt":{"rendered":"<p>Durante estas visitas, la s\u00edndica se reunir\u00e1 con los alcaldes y alcaldesas de cada ter\u00e7on y se entrevistar\u00e1 con la ciudadan\u00eda que, bajo cita previa, quiera reunirse con ella y con los consejeros y consejeras del gobierno en cada ter\u00e7on para plantearles los asuntos que consideren La s\u00edndica de Aran, Maria Verg\u00e9s, acompa\u00f1ada por los&#8230;<\/p>\n","protected":false},"author":10,"featured_media":45264,"comment_status":"closed","ping_status":"closed","sticky":false,"template":"","format":"standard","meta":{"footnotes":""},"categories":[52],"tags":[],"_links":{"self":[{"href":"https:\/\/www.conselharan.org\/es\/wp-json\/wp\/v2\/posts\/45267"}],"collection":[{"href":"https:\/\/www.conselharan.org\/es\/wp-json\/wp\/v2\/posts"}],"about":[{"href":"https:\/\/www.conselharan.org\/es\/wp-json\/wp\/v2\/types\/post"}],"author":[{"embeddable":true,"href":"https:\/\/www.conselharan.org\/es\/wp-json\/wp\/v2\/users\/10"}],"replies":[{"embeddable":true,"href":"https:\/\/www.conselharan.org\/es\/wp-json\/wp\/v2\/comments?post=45267"}],"version-history":[{"count":1,"href":"https:\/\/www.conselharan.org\/es\/wp-json\/wp\/v2\/posts\/45267\/revisions"}],"predecessor-version":[{"id":45268,"href":"https:\/\/www.conselharan.org\/es\/wp-json\/wp\/v2\/posts\/45267\/revisions\/45268"}],"wp:featuredmedia":[{"embeddable":true,"href":"https:\/\/www.conselharan.org\/es\/wp-json\/wp\/v2\/media\/45264"}],"wp:attachment":[{"href":"https:\/\/www.conselharan.org\/es\/wp-json\/wp\/v2\/media?parent=45267"}],"wp:term":[{"taxonomy":"category","embeddable":true,"href":"https:\/\/www.conselharan.org\/es\/wp-json\/wp\/v2\/categories?post=45267"},{"taxonomy":"post_tag","embeddable":true,"href":"https:\/\/www.conselharan.org\/es\/wp-json\/wp\/v2\/tags?post=45267"}],"curies":[{"name":"wp","href":"https:\/\/api.w.org\/{rel}","templated":true}]}}