{"id":45416,"date":"2021-11-05T15:46:10","date_gmt":"2021-11-05T14:46:10","guid":{"rendered":"https:\/\/www.conselharan.org\/?p=45416"},"modified":"2021-11-05T15:46:10","modified_gmt":"2021-11-05T14:46:10","slug":"la-sindica-de-aran-se-reune-con-el-conseller-de-salud-de-la-generalitat-de-catalunya","status":"publish","type":"post","link":"https:\/\/www.conselharan.org\/es\/la-sindica-de-aran-se-reune-con-el-conseller-de-salud-de-la-generalitat-de-catalunya\/","title":{"rendered":"La S\u00edndica de Aran se re\u00fane con el conseller de salud de la Generalitat de Catalunya"},"content":{"rendered":"<ul>\n<li><strong>Durante la reuni\u00f3n se han tratado asuntos relacionados con la mejora de la financiaci\u00f3n de la sanidad aranesa y con los proyectos estrat\u00e9gicos que el Conselh Generau d\u2019Aran trabaja en materia de sanidad, como la futura ampliaci\u00f3n del Hospital Val d\u2019Aran<\/strong><\/li>\n<\/ul>\n<p>&nbsp;<\/p>\n<p><a href=\"https:\/\/www.conselharan.org\/wp-content\/uploads\/2021\/11\/IMG_3177.jpg\"><img loading=\"lazy\" decoding=\"async\" class=\"alignnone size-full wp-image-45412\" src=\"https:\/\/www.conselharan.org\/wp-content\/uploads\/2021\/11\/IMG_3177.jpg\" alt=\"\" width=\"2560\" height=\"1920\" \/><\/a><\/p>\n<p>&nbsp;<\/p>\n<p>Esta ma\u00f1ana ha tenido lugar una reuni\u00f3n entre la s\u00edndica de Aran, Maria Verg\u00e9s y el conseller de salud de la Generalitat de Catalunya, Josep M\u00aa Argimon. En la reuni\u00f3n, que se ha llevado a cabo de forma telem\u00e1tica, ha sido el primer contacto del gobierno de Aran con el conseller Argimon, han participado tambi\u00e9n los responsables de la Regi\u00f3n Sanitaria del Alt Pirineo y Aran por un lado, y la gerencia de Aran Salud y la direcci\u00f3n del Servicio Aran\u00e9s de Bienestar y Salud del Conselh Generau d\u2019Aran por otra.<\/p>\n<p>&nbsp;<\/p>\n<p>Durante la reuni\u00f3n se ha tratado la necesidad de revisar la situaci\u00f3n econ\u00f3mica actual del sistema de salud aranesa para solucionar el problema de Infra financiamiento existente. As\u00ed mismo, se han comprometido a firmar la renovaci\u00f3n del convenio de traspaso de la competencia de sanidad al Conselh Generau durante el primer trimestre del pr\u00f3ximo a\u00f1o.<\/p>\n<p>&nbsp;<\/p>\n<p><a href=\"https:\/\/www.conselharan.org\/wp-content\/uploads\/2021\/11\/IMG_3176.jpg\"><img loading=\"lazy\" decoding=\"async\" class=\"alignnone size-full wp-image-45409\" src=\"https:\/\/www.conselharan.org\/wp-content\/uploads\/2021\/11\/IMG_3176.jpg\" alt=\"\" width=\"2560\" height=\"1920\" \/><\/a><\/p>\n<p>&nbsp;<\/p>\n<p>&nbsp;<\/p>\n<p>Sobre este \u00faltimo asunto, la S\u00edndica de Aran ha manifestado que <em>\u201cla <strong>voluntad del Conselh Generau d\u2019Aran es consolidar nuestro modelo social y sanitario<\/strong>, que es un modelo propio y transversal que ha demostrado ser eficaz a la hora de atender las necesidades de la ciudadan\u00eda de forma cercana\u201d. <\/em><\/p>\n<p>&nbsp;<\/p>\n<p>En otro orden de asuntos, en la reuni\u00f3n han abordado tambi\u00e9n varios proyectos de la mejora estructural de los servicios de salud de nuestro territorio, en las que se lleva tiempo trabajando, entre las que se contempla la futura ampliaci\u00f3n del Hospital Val d\u2019Aran, ya que es un edificio que ha cumplido 35 a\u00f1os y necesita, ante el incremento de servicios que ofrece, renovar sus espacios.<\/p>\n<p>&nbsp;<\/p>\n<p>&nbsp;<\/p>\n<p>&nbsp;<\/p>\n<p>&nbsp;<\/p>\n<p><em>Vielha, 5 de noviembre de 2021<\/em><\/p>\n ","protected":false},"excerpt":{"rendered":"<p>Durante la reuni\u00f3n se han tratado asuntos relacionados con la mejora de la financiaci\u00f3n de la sanidad aranesa y con los proyectos estrat\u00e9gicos que el Conselh Generau d\u2019Aran trabaja en materia de sanidad, como la futura ampliaci\u00f3n del Hospital Val d\u2019Aran &nbsp; &nbsp; Esta ma\u00f1ana ha tenido lugar una reuni\u00f3n entre la s\u00edndica de Aran,&#8230;<\/p>\n","protected":false},"author":10,"featured_media":45412,"comment_status":"closed","ping_status":"closed","sticky":false,"template":"","format":"standard","meta":{"footnotes":""},"categories":[789],"tags":[],"_links":{"self":[{"href":"https:\/\/www.conselharan.org\/es\/wp-json\/wp\/v2\/posts\/45416"}],"collection":[{"href":"https:\/\/www.conselharan.org\/es\/wp-json\/wp\/v2\/posts"}],"about":[{"href":"https:\/\/www.conselharan.org\/es\/wp-json\/wp\/v2\/types\/post"}],"author":[{"embeddable":true,"href":"https:\/\/www.conselharan.org\/es\/wp-json\/wp\/v2\/users\/10"}],"replies":[{"embeddable":true,"href":"https:\/\/www.conselharan.org\/es\/wp-json\/wp\/v2\/comments?post=45416"}],"version-history":[{"count":1,"href":"https:\/\/www.conselharan.org\/es\/wp-json\/wp\/v2\/posts\/45416\/revisions"}],"predecessor-version":[{"id":45417,"href":"https:\/\/www.conselharan.org\/es\/wp-json\/wp\/v2\/posts\/45416\/revisions\/45417"}],"wp:featuredmedia":[{"embeddable":true,"href":"https:\/\/www.conselharan.org\/es\/wp-json\/wp\/v2\/media\/45412"}],"wp:attachment":[{"href":"https:\/\/www.conselharan.org\/es\/wp-json\/wp\/v2\/media?parent=45416"}],"wp:term":[{"taxonomy":"category","embeddable":true,"href":"https:\/\/www.conselharan.org\/es\/wp-json\/wp\/v2\/categories?post=45416"},{"taxonomy":"post_tag","embeddable":true,"href":"https:\/\/www.conselharan.org\/es\/wp-json\/wp\/v2\/tags?post=45416"}],"curies":[{"name":"wp","href":"https:\/\/api.w.org\/{rel}","templated":true}]}}