{"id":45808,"date":"2021-12-01T14:57:22","date_gmt":"2021-12-01T13:57:22","guid":{"rendered":"https:\/\/www.conselharan.org\/leu-ua-setantia-dajuntaments-e-institucions-deth-territori-saderissen-ara-declaracion-institucionau-de-suport-ara-candidatura-deth-pireneu-tas-jjoo-diuern-2030-impulsada-pet\/"},"modified":"2021-12-01T17:51:59","modified_gmt":"2021-12-01T16:51:59","slug":"leu-ua-setantia-dajuntaments-e-institucions-deth-territori-saderissen-ara-declaracion-institucionau-de-suport-ara-candidatura-deth-pireneu-tas-jjoo-diuern-2030-impulsada-pet","status":"publish","type":"post","link":"https:\/\/www.conselharan.org\/es\/leu-ua-setantia-dajuntaments-e-institucions-deth-territori-saderissen-ara-declaracion-institucionau-de-suport-ara-candidatura-deth-pireneu-tas-jjoo-diuern-2030-impulsada-pet\/","title":{"rendered":"Cerca de setenta ayuntamientos e instituciones del territorio se adhieren a la declaraci\u00f3n institucional de apoyo a la candidatura del Pirineo para los JJOO de invierno 2030 impulsada por el Conselh Generau d\u2019Aran"},"content":{"rendered":"<p>&nbsp;<\/p>\n<div id=\"attachment_45803\" style=\"width: 1034px\" class=\"wp-caption aligncenter\"><a href=\"https:\/\/www.conselharan.org\/wp-content\/uploads\/2021\/12\/20211113_GKMPH_0668-scaled.jpg\"><img loading=\"lazy\" decoding=\"async\" aria-describedby=\"caption-attachment-45803\" class=\"wp-image-45803 size-large\" src=\"https:\/\/www.conselharan.org\/wp-content\/uploads\/2021\/12\/20211113_GKMPH_0668-1024x683.jpg\" alt=\"\" width=\"1024\" height=\"683\" srcset=\"https:\/\/www.conselharan.org\/wp-content\/uploads\/2021\/12\/20211113_GKMPH_0668-1024x683.jpg 1024w, https:\/\/www.conselharan.org\/wp-content\/uploads\/2021\/12\/20211113_GKMPH_0668-300x200.jpg 300w, https:\/\/www.conselharan.org\/wp-content\/uploads\/2021\/12\/20211113_GKMPH_0668-768x512.jpg 768w, https:\/\/www.conselharan.org\/wp-content\/uploads\/2021\/12\/20211113_GKMPH_0668-1536x1024.jpg 1536w, https:\/\/www.conselharan.org\/wp-content\/uploads\/2021\/12\/20211113_GKMPH_0668-2048x1365.jpg 2048w\" sizes=\"(max-width: 1024px) 100vw, 1024px\" \/><\/a><p id=\"caption-attachment-45803\" class=\"wp-caption-text\">Acte olimpisme coma motor de desvolopament territoriau-13 noveme<\/p><\/div>\n<ul>\n<li>\n<h3><strong>Todos los ayuntamientos araneses se han adherido a esta declaraci\u00f3n institucional, conscientes del impacto positivo que podr\u00eda tener para el territorio, y demostrando as\u00ed el compromiso de la Val d\u2019Aran con esta candidatura<\/strong><\/h3>\n<\/li>\n<\/ul>\n<p>El pasado 10 de septiembre el Conselh Generau d\u2019Aran se convert\u00eda en la primera instituci\u00f3n en aprobar en el pleno, por unanimidad, una declaraci\u00f3n institucional en favor de la candidatura ol\u00edmpica de los Pirineos para los juegos de invierno de 2030.<\/p>\n<p>\u201cEl gobierno de Aran quiere ser una instituci\u00f3n activa para conseguir el hito de esta candidatura ol\u00edmpica, conscientes como somos del impacto positivo que podr\u00eda tener para el territorio la celebraci\u00f3n de un evento de este tipo, y lo queremos hacer junto con el resto de territorios del Pirineo\u201d afirmaba la s\u00edndica de Aran, Maria Verg\u00e9s, a\u00f1adiendo que: \u201ces por este motivo por lo que hemos hecho llegar a las instituciones y administraciones p\u00fablicas del Pirineo catal\u00e1n y aragon\u00e9s esta declaraci\u00f3n institucional, para que aquellos que lo quieran puedan adherirse y mostrar un frente conjunto de apoyo a los Juegos Ol\u00edmpicos de Invierno de 2030\u201d.<\/p>\n<p>Hasta el momento, un total de 67 administraciones (Diputaciones, Comarcas y Ayuntamientos) se han adherido a este manifiesto, entre ellos, todos los Ayuntamientos de la Val d\u2019Aran. En este sentido, la s\u00edndica de Aran manifestaba que: \u201cestamos muy satisfechos de la respuesta recibida, que demuestra que el territorio est\u00e1 por la labor de impulsar esta candidatura y estamos convencidos de que llegar\u00e1n m\u00e1s declaraciones de apoyo\u201d.<\/p>\n<p>El Conselh Generau d\u2019Aran ha hecho llegar esta declaraci\u00f3n institucional a:<\/p>\n<ul>\n<li>El gobierno de Espa\u00f1a<\/li>\n<li>La Generalitat de Catalunya<\/li>\n<li>El gobierno de Arag\u00f3n<\/li>\n<li>El Comit\u00e9 Ol\u00edmpico Espa\u00f1ol (COE)<\/li>\n<li>El Comit\u00e9 Ol\u00edmpico Internacional (COI)<\/li>\n<li>El Ayuntamiento de Barcelona<\/li>\n<li>El Ayuntamiento de Zaragoza<\/li>\n<li>La Real Federaci\u00f3n Espa\u00f1ola de Deportes de Invierno (RFEDI)<\/li>\n<li>La Real Federaci\u00f3n Espa\u00f1ola de Hielo (FEDHielo)<\/li>\n<li>El Consejo Superior de Deportes (CSD)<\/li>\n<\/ul>\n<p><a href=\"https:\/\/ibb.co\/kmFZDvZ\"><img decoding=\"async\" src=\"https:\/\/i.ibb.co\/TW5y0dy\/Whats-App-Image-2021-12-01-at-17-46-36.jpg\" alt=\"Whats-App-Image-2021-12-01-at-17-46-36\" border=\"0\" \/><\/a><br \/>\n<a href=\"https:\/\/ibb.co\/KVnDqqW\"><img decoding=\"async\" src=\"https:\/\/i.ibb.co\/JrZq77H\/Whats-App-Image-2021-12-01-at-17-46-36-1.jpg\" alt=\"Whats-App-Image-2021-12-01-at-17-46-36-1\" border=\"0\" \/><\/a><\/p>\n ","protected":false},"excerpt":{"rendered":"<p>&nbsp; Todos los ayuntamientos araneses se han adherido a esta declaraci\u00f3n institucional, conscientes del impacto positivo que podr\u00eda tener para el territorio, y demostrando as\u00ed el compromiso de la Val d\u2019Aran con esta candidatura El pasado 10 de septiembre el Conselh Generau d\u2019Aran se convert\u00eda en la primera instituci\u00f3n en aprobar en el pleno, por&#8230;<\/p>\n","protected":false},"author":10,"featured_media":45805,"comment_status":"closed","ping_status":"closed","sticky":false,"template":"","format":"standard","meta":{"footnotes":""},"categories":[52],"tags":[],"_links":{"self":[{"href":"https:\/\/www.conselharan.org\/es\/wp-json\/wp\/v2\/posts\/45808"}],"collection":[{"href":"https:\/\/www.conselharan.org\/es\/wp-json\/wp\/v2\/posts"}],"about":[{"href":"https:\/\/www.conselharan.org\/es\/wp-json\/wp\/v2\/types\/post"}],"author":[{"embeddable":true,"href":"https:\/\/www.conselharan.org\/es\/wp-json\/wp\/v2\/users\/10"}],"replies":[{"embeddable":true,"href":"https:\/\/www.conselharan.org\/es\/wp-json\/wp\/v2\/comments?post=45808"}],"version-history":[{"count":2,"href":"https:\/\/www.conselharan.org\/es\/wp-json\/wp\/v2\/posts\/45808\/revisions"}],"predecessor-version":[{"id":45816,"href":"https:\/\/www.conselharan.org\/es\/wp-json\/wp\/v2\/posts\/45808\/revisions\/45816"}],"wp:featuredmedia":[{"embeddable":true,"href":"https:\/\/www.conselharan.org\/es\/wp-json\/wp\/v2\/media\/45805"}],"wp:attachment":[{"href":"https:\/\/www.conselharan.org\/es\/wp-json\/wp\/v2\/media?parent=45808"}],"wp:term":[{"taxonomy":"category","embeddable":true,"href":"https:\/\/www.conselharan.org\/es\/wp-json\/wp\/v2\/categories?post=45808"},{"taxonomy":"post_tag","embeddable":true,"href":"https:\/\/www.conselharan.org\/es\/wp-json\/wp\/v2\/tags?post=45808"}],"curies":[{"name":"wp","href":"https:\/\/api.w.org\/{rel}","templated":true}]}}