{"id":45938,"date":"2021-12-09T15:57:21","date_gmt":"2021-12-09T14:57:21","guid":{"rendered":"https:\/\/www.conselharan.org\/?p=45938"},"modified":"2021-12-09T16:06:17","modified_gmt":"2021-12-09T15:06:17","slug":"la-val-daran-al-80-de-ocupacion-media-hotelera-este-puente-de-la-inmaculada","status":"publish","type":"post","link":"https:\/\/www.conselharan.org\/es\/la-val-daran-al-80-de-ocupacion-media-hotelera-este-puente-de-la-inmaculada\/","title":{"rendered":"La Val d\u2019Aran al 80% de ocupaci\u00f3n media hotelera este puente de la inmaculada"},"content":{"rendered":"<p><a href=\"https:\/\/www.conselharan.org\/wp-content\/uploads\/2021\/12\/francesca-tosolini-GyCD3-QbBdw-unsplash.jpg\"><img loading=\"lazy\" decoding=\"async\" class=\"alignnone size-full wp-image-45934\" src=\"https:\/\/www.conselharan.org\/wp-content\/uploads\/2021\/12\/francesca-tosolini-GyCD3-QbBdw-unsplash.jpg\" alt=\"\" width=\"2560\" height=\"1696\" \/><\/a><\/p>\n<ul>\n<li><strong>Durante el puente que acabamos de pasar, la oferta hotelera de la Val d\u2019Aran ha sido de un 92% de plazas abiertas, de las cuales, se han ocupado un 80%. Tambi\u00e9n, en la Oficina de Turismo de Vielha, estos d\u00edas se ha informado a 1.086 personas.<\/strong><\/li>\n<\/ul>\n<p>El <strong>Departamento de Turismo del Conselh Generau d\u2019Aran ha recogido los datos de este inicio de temporada tur\u00edstica de invierno<\/strong> para poder hacer las primeras valoraciones de cara al resto del periodo. Este a\u00f1o, este puente de diciembre se <strong>han ofrecido un 92% de las plazas hoteleras <\/strong>existentes en la Val d\u2019Aran, en las que se<strong> han alojado un 80% de visitantes.<\/strong><\/p>\n<p>A la gran afluencia de turistas llegados estos d\u00edas, se han sumado las <strong>intensas nevadas<\/strong> que han dejado una media de 185 cm de nieve en las cotas m\u00e1s altas de Aran. Como consecuencia de estas condiciones meteorol\u00f3gicas, ha habido <strong>modificaciones de \u00faltima hora en las reservas hoteleras de Aran<\/strong>. Tambi\u00e9n, ha repercutido en la ocupaci\u00f3n, la <strong>recomendaci\u00f3n de adelantar la salida a los turistas<\/strong> alojados en el norte de Espa\u00f1a, realizada por la <strong>DGT<\/strong> el d\u00eda 6 de diciembre por la tarde.<\/p>\n<p>En este sentido, seg\u00fan ha afirmado el conselh\u00e8r de Econom\u00eda, Turismo y Promoci\u00f3n Econ\u00f3mica, Juan Antonio Serrano: <em>\u201cHa sido un puente muy bueno tur\u00edsticamente teniendo en cuenta las 3 circunstancias clave. En primer lugar, las <strong>nevadas previas <\/strong>han garantizado a los esquiadores unas <strong>excelentes condiciones <\/strong>para la pr\u00e1ctica de este deporte. En segundo lugar, este puente que es propio del calendario de fiestas nacionales,<strong> las familias que tradicionalmente viajaban a las principales ciudades europeas, este a\u00f1o ra\u00edz de la situaci\u00f3n de la pandemia, han escogido<\/strong> un destino en Espa\u00f1a destacando <strong>Aran <\/strong>entre los principales lugares. Y finalmente, el hecho que <strong>el a\u00f1o pasado muchos<\/strong> apasionados de la nieve <strong>no pudieran<\/strong> acercarse para <strong>disfrutar de los deportes de nieve<\/strong>, ha hecho que este a\u00f1o tuvieran <strong>muchas ganas de venir a la Val d\u2019Aran\u201d.<\/strong><\/em><\/p>\n<p>Por ende, estos d\u00edas de puente, el sector hotelero ha conseguido <strong>un 31,21% m\u00e1s de visitantes respecto al 2018,<\/strong> que fue de un 48,79%, el porcentaje de ocupaci\u00f3n del 2019 fue de un 85,25%. Los datos del 2020 no se han tenido en cuenta en este balance comparativo por las restricciones de la situaci\u00f3n sanitaria provocada por la COVID-19.<\/p>\n<p>Los datos tur\u00edsticos positivos de este a\u00f1o, son <strong>fruto del esfuerzo de las importantes campa\u00f1as de promoci\u00f3n <\/strong>en los diferentes canales de comunicaci\u00f3n que se han ido realizando por el Departamento de Turismo del Conselh Generau \u00a0d\u2019Aran y de las medidas implementadas por los <strong>hoteleros <\/strong>para cumplir con las <strong>normativas sanitarias vigentes<\/strong>.<\/p>\n<p>Adem\u00e1s, la atenci\u00f3n personalizada que ofrece la <strong>Oficina de Turismo de Vielha ha hecho que este a\u00f1o 461 persones m\u00e1s que en 2019 <\/strong>se acerquen para obtener informaci\u00f3n sobre la agenda cultural y de actividades de nuestro territorio.<\/p>\n ","protected":false},"excerpt":{"rendered":"<p>Durante el puente que acabamos de pasar, la oferta hotelera de la Val d\u2019Aran ha sido de un 92% de plazas abiertas, de las cuales, se han ocupado un 80%. Tambi\u00e9n, en la Oficina de Turismo de Vielha, estos d\u00edas se ha informado a 1.086 personas. El Departamento de Turismo del Conselh Generau d\u2019Aran ha&#8230;<\/p>\n","protected":false},"author":10,"featured_media":45934,"comment_status":"closed","ping_status":"closed","sticky":false,"template":"","format":"standard","meta":{"footnotes":""},"categories":[801,137],"tags":[],"_links":{"self":[{"href":"https:\/\/www.conselharan.org\/es\/wp-json\/wp\/v2\/posts\/45938"}],"collection":[{"href":"https:\/\/www.conselharan.org\/es\/wp-json\/wp\/v2\/posts"}],"about":[{"href":"https:\/\/www.conselharan.org\/es\/wp-json\/wp\/v2\/types\/post"}],"author":[{"embeddable":true,"href":"https:\/\/www.conselharan.org\/es\/wp-json\/wp\/v2\/users\/10"}],"replies":[{"embeddable":true,"href":"https:\/\/www.conselharan.org\/es\/wp-json\/wp\/v2\/comments?post=45938"}],"version-history":[{"count":2,"href":"https:\/\/www.conselharan.org\/es\/wp-json\/wp\/v2\/posts\/45938\/revisions"}],"predecessor-version":[{"id":45940,"href":"https:\/\/www.conselharan.org\/es\/wp-json\/wp\/v2\/posts\/45938\/revisions\/45940"}],"wp:featuredmedia":[{"embeddable":true,"href":"https:\/\/www.conselharan.org\/es\/wp-json\/wp\/v2\/media\/45934"}],"wp:attachment":[{"href":"https:\/\/www.conselharan.org\/es\/wp-json\/wp\/v2\/media?parent=45938"}],"wp:term":[{"taxonomy":"category","embeddable":true,"href":"https:\/\/www.conselharan.org\/es\/wp-json\/wp\/v2\/categories?post=45938"},{"taxonomy":"post_tag","embeddable":true,"href":"https:\/\/www.conselharan.org\/es\/wp-json\/wp\/v2\/tags?post=45938"}],"curies":[{"name":"wp","href":"https:\/\/api.w.org\/{rel}","templated":true}]}}