{"id":4622,"date":"2014-08-26T15:02:03","date_gmt":"2014-08-26T13:02:03","guid":{"rendered":"http:\/\/www.conselharan.org\/naua-edicion-dera-heira-het-a-man-het-aciu-enquiath-27-dagost-2\/"},"modified":"2014-08-27T09:32:09","modified_gmt":"2014-08-27T07:32:09","slug":"naua-edicion-dera-heira-het-a-man-het-aciu-enquiath-27-dagost","status":"publish","type":"post","link":"https:\/\/www.conselharan.org\/es\/naua-edicion-dera-heira-het-a-man-het-aciu-enquiath-27-dagost\/","title":{"rendered":"Nueva edici\u00f3n de la feria H\u00e8t a man h\u00e8t aciu, hasta el 27 de agosto"},"content":{"rendered":"<p><strong>26 artesanos de diferentes sectores participan en la feria con la venta de productos locales<\/strong><\/p>\n<p><strong>Durante las diferentes jornadas habr\u00e1n talleres y se sortear\u00e1 una cesta con productos artesanales<\/strong><\/p>\n<p><a href=\"http:\/\/www.conselharan.org\/wp-content\/uploads\/2014\/08\/DSC_0608.jpg\"><img loading=\"lazy\" decoding=\"async\" class=\"aligncenter size-large wp-image-4617\" alt=\"DSC_0608\" src=\"http:\/\/www.conselharan.org\/wp-content\/uploads\/2014\/08\/DSC_0608-1024x685.jpg\" width=\"1024\" height=\"685\" srcset=\"https:\/\/www.conselharan.org\/wp-content\/uploads\/2014\/08\/DSC_0608-1024x685.jpg 1024w, https:\/\/www.conselharan.org\/wp-content\/uploads\/2014\/08\/DSC_0608-300x200.jpg 300w\" sizes=\"(max-width: 1024px) 100vw, 1024px\" \/><\/a><\/p>\n<p>Vielha acoge una nueva edici\u00f3n de la feria H\u00e8t a man, h\u00e8t aciu, que organiza el Conselh Generau d\u2019Aran, y que tendr\u00e1 lugar hasta el d\u00eda 27 de agosto. Se trata de una feria que ya se ha asentado durante el verano en la Val d\u2019Aran, con el objetivo de promocionar a los artesanos y los productos locales.<\/p>\n<p>Este a\u00f1o la feria cuenta con un total de 26 productores de diferentes sectores: cestos, vidrio, cer\u00e1mica, bisuter\u00eda, alimentaci\u00f3n y textil entre otros. Una gran representaci\u00f3n de la producci\u00f3n artesanal que se elabora en la Val d\u2019Aran.<\/p>\n<p><a href=\"http:\/\/www.conselharan.org\/wp-content\/uploads\/2014\/08\/conselhera-Anna-Diaz-TVdA.jpg\"><img loading=\"lazy\" decoding=\"async\" class=\"aligncenter size-large wp-image-4616\" alt=\"conselhera Anna Diaz-TVdA\" src=\"http:\/\/www.conselharan.org\/wp-content\/uploads\/2014\/08\/conselhera-Anna-Diaz-TVdA-1024x685.jpg\" width=\"1024\" height=\"685\" srcset=\"https:\/\/www.conselharan.org\/wp-content\/uploads\/2014\/08\/conselhera-Anna-Diaz-TVdA-1024x685.jpg 1024w, https:\/\/www.conselharan.org\/wp-content\/uploads\/2014\/08\/conselhera-Anna-Diaz-TVdA-300x200.jpg 300w\" sizes=\"(max-width: 1024px) 100vw, 1024px\" \/><\/a><em>La conselh\u00e8ra de Turismo, Comercio y Consumo de Aran, Anna D\u00edaz, durante la inauguraci\u00f3n de H\u00e8t a man h\u00e8t aciu.<\/em><\/p>\n<p>\u201c<strong>H\u00e8t a man, h\u00e8t aciu, es una gran oportunidad para que tanto los araneses como los visitantes que hay en la Val d\u2019Aran en verano, puedan conocer los diferentes sectores artesanales de la mano de sus productores, que representan una actividad importante dentro del comercio local\u201d<\/strong>, comenta<br \/>\nla conselh\u00e8ra de Turisme, Comercio y Consumo, <strong>Anna Diaz.<\/strong><\/p>\n<p><a href=\"http:\/\/www.conselharan.org\/wp-content\/uploads\/2014\/08\/DSC_0611.jpg\"><img loading=\"lazy\" decoding=\"async\" class=\"aligncenter size-large wp-image-4618\" alt=\"DSC_0611\" src=\"http:\/\/www.conselharan.org\/wp-content\/uploads\/2014\/08\/DSC_0611-1024x685.jpg\" width=\"1024\" height=\"685\" srcset=\"https:\/\/www.conselharan.org\/wp-content\/uploads\/2014\/08\/DSC_0611-1024x685.jpg 1024w, https:\/\/www.conselharan.org\/wp-content\/uploads\/2014\/08\/DSC_0611-300x200.jpg 300w\" sizes=\"(max-width: 1024px) 100vw, 1024px\" \/><\/a><\/p>\n<p>Durante las diferentes jornadas, los visitantes a la feria podr\u00e1n acercarse a los stands para comprar los productos. Adem\u00e1s, podr\u00e1n disfrutar de diferentes talleres que se habilitar\u00e1n para realizar los cestos t\u00edpicos de la Val d\u2019Aran (pa\u00e8rs), talleres de textil y bisuter\u00eda, llevados a cabo por los mismos productores.<\/p>\n<p><a href=\"http:\/\/www.conselharan.org\/wp-content\/uploads\/2014\/08\/DSC_0632.jpg\"><img loading=\"lazy\" decoding=\"async\" class=\"aligncenter size-large wp-image-4619\" alt=\"DSC_0632\" src=\"http:\/\/www.conselharan.org\/wp-content\/uploads\/2014\/08\/DSC_0632-1024x685.jpg\" width=\"1024\" height=\"685\" srcset=\"https:\/\/www.conselharan.org\/wp-content\/uploads\/2014\/08\/DSC_0632-1024x685.jpg 1024w, https:\/\/www.conselharan.org\/wp-content\/uploads\/2014\/08\/DSC_0632-300x200.jpg 300w\" sizes=\"(max-width: 1024px) 100vw, 1024px\" \/><\/a><\/p>\n<p>Al final de la feria se realizar\u00e1 el sorteo de una cesta completa con diferentes productos artesanos de los diferentes stands participantes. El horario de la feria ser\u00e1 de 10:30 a 14:30 y de 16:30 a 21:00 en el Paseo de la Libertad de Vielha.<\/p>\n<p><em><strong>TALLERES DE H\u00c8T A MAN, H\u00c8T ACIU<\/strong><\/em><\/p>\n<p><strong>Lunes 25 de agosto:<\/strong><\/p>\n<p>\u2022 17h30 a 19h00:<\/p>\n<p>Taller con material reciclado a cargo Dwayna artesan\u00eda<\/p>\n<p>Taller de cestas a cargo de Pa\u00e8rs Bausen<\/p>\n<p><strong>Martes 26 de agosto:<\/strong><\/p>\n<p>\u2022 11h30 a 13h00:<\/p>\n<p>Taller de punto para adultos a cargo de Taller textil de Bausen<\/p>\n<p>\u2022 17h30 a 19h00:<\/p>\n<p>Taller con barro polim\u00e9rico a cargo de Alicia Mitjans<\/p>\n<p>Taller de pasteler\u00eda a cargo de La Guinda<\/p>\n<p><strong>Mi\u00e9rcoles 27 de agosto:<\/strong><\/p>\n<p>\u2022 11h30 a 13h00:<\/p>\n<p>Crea tu propio llavero a cargo de Baobab artesan\u00eda<\/p>\n<p>\u2022 17h30 a 19h00:<\/p>\n<p>Taller de costura a cargo de Tricobeb\u00e9<\/p>\n<p>Taller de cestas a cargo de Pa\u00e8rs Bausen<\/p>\n ","protected":false},"excerpt":{"rendered":"<p>26 artesanos de diferentes sectores participan en la feria con la venta de productos locales Durante las diferentes jornadas habr\u00e1n talleres y se sortear\u00e1 una cesta con productos artesanales Vielha acoge una nueva edici\u00f3n de la feria H\u00e8t a man, h\u00e8t aciu, que organiza el Conselh Generau d\u2019Aran, y que tendr\u00e1 lugar hasta el d\u00eda&#8230;<\/p>\n","protected":false},"author":2,"featured_media":4617,"comment_status":"closed","ping_status":"closed","sticky":false,"template":"","format":"standard","meta":{"footnotes":""},"categories":[34,37],"tags":[],"_links":{"self":[{"href":"https:\/\/www.conselharan.org\/es\/wp-json\/wp\/v2\/posts\/4622"}],"collection":[{"href":"https:\/\/www.conselharan.org\/es\/wp-json\/wp\/v2\/posts"}],"about":[{"href":"https:\/\/www.conselharan.org\/es\/wp-json\/wp\/v2\/types\/post"}],"author":[{"embeddable":true,"href":"https:\/\/www.conselharan.org\/es\/wp-json\/wp\/v2\/users\/2"}],"replies":[{"embeddable":true,"href":"https:\/\/www.conselharan.org\/es\/wp-json\/wp\/v2\/comments?post=4622"}],"version-history":[{"count":4,"href":"https:\/\/www.conselharan.org\/es\/wp-json\/wp\/v2\/posts\/4622\/revisions"}],"predecessor-version":[{"id":4639,"href":"https:\/\/www.conselharan.org\/es\/wp-json\/wp\/v2\/posts\/4622\/revisions\/4639"}],"wp:featuredmedia":[{"embeddable":true,"href":"https:\/\/www.conselharan.org\/es\/wp-json\/wp\/v2\/media\/4617"}],"wp:attachment":[{"href":"https:\/\/www.conselharan.org\/es\/wp-json\/wp\/v2\/media?parent=4622"}],"wp:term":[{"taxonomy":"category","embeddable":true,"href":"https:\/\/www.conselharan.org\/es\/wp-json\/wp\/v2\/categories?post=4622"},{"taxonomy":"post_tag","embeddable":true,"href":"https:\/\/www.conselharan.org\/es\/wp-json\/wp\/v2\/tags?post=4622"}],"curies":[{"name":"wp","href":"https:\/\/api.w.org\/{rel}","templated":true}]}}