{"id":46410,"date":"2022-01-14T14:58:39","date_gmt":"2022-01-14T13:58:39","guid":{"rendered":"https:\/\/www.conselharan.org\/amassada-dera-sindica-daran-damb-eth-servici-dassistencia-medicau-urgenta-samu-frances\/"},"modified":"2022-01-14T15:00:56","modified_gmt":"2022-01-14T14:00:56","slug":"amassada-dera-sindica-daran-damb-eth-servici-dassistencia-medicau-urgenta-samu-frances","status":"publish","type":"post","link":"https:\/\/www.conselharan.org\/es\/amassada-dera-sindica-daran-damb-eth-servici-dassistencia-medicau-urgenta-samu-frances\/","title":{"rendered":"Reuni\u00f3n de la s\u00edndica de Aran con el Servicio de Asistencia M\u00e9dica Urgente (SAMU) franc\u00e9s"},"content":{"rendered":"<p><a href=\"https:\/\/www.conselharan.org\/wp-content\/uploads\/2022\/01\/Foto-web.png\"><img loading=\"lazy\" decoding=\"async\" class=\"aligncenter wp-image-46405 size-large\" src=\"https:\/\/www.conselharan.org\/wp-content\/uploads\/2022\/01\/Foto-web-1024x710.png\" alt=\"\" width=\"1024\" height=\"710\" srcset=\"https:\/\/www.conselharan.org\/wp-content\/uploads\/2022\/01\/Foto-web-1024x710.png 1024w, https:\/\/www.conselharan.org\/wp-content\/uploads\/2022\/01\/Foto-web-300x208.png 300w, https:\/\/www.conselharan.org\/wp-content\/uploads\/2022\/01\/Foto-web-768x533.png 768w, https:\/\/www.conselharan.org\/wp-content\/uploads\/2022\/01\/Foto-web.png 1228w\" sizes=\"(max-width: 1024px) 100vw, 1024px\" \/><\/a><\/p>\n<ul>\n<li>\n<h3><strong>Durante este encuentro, se ha hablado sobre la renovaci\u00f3n del convenio de colaboraci\u00f3n entre el Servicio Aran\u00e9s de Bienestar y Salud y el SAMU, una cooperaci\u00f3n que permite mejorar en ambos territorios la atenci\u00f3n a las personas y el tratamiento de las emergencias sanitarias<\/strong><\/h3>\n<\/li>\n<\/ul>\n<p>La s\u00edndica de Aran, Maria Verg\u00e9s, acompa\u00f1ada por los representantes del Servicio Aran\u00e9s de Bienestar y Salud (SABS), Aran Salut y Pompi\u00e8rs-Emerg\u00e9ncies, ha recibido hoy a diversos representantes del Servicio de Asistencia M\u00e9dica Urgente (SAMU) franc\u00e9s, con quien han tratado asuntos relacionados con la gesti\u00f3n conjunta de las emergencias m\u00e9dicas en el territorio.<\/p>\n<p>Durante este encuentro se ha hablado sobre la renovaci\u00f3n del convenio de colaboraci\u00f3n entre SABS y SAMU, por el cual se derivan determinados casos del Espitau Val d\u2019Aran al Centro Hospitalario Comminges Pyr\u00e9n\u00e9es de Saint-Gaudens y el Centro Hospitalario Universitario (CHU) de Tolouse. Por motivos de proximidad, mantener este convenio supone una gran diferencia en el tratamiento de las emergencias sanitarias.<\/p>\n<p>\u201cPara el gobierno del Conselh Generau d\u2019Aran es un asunto de vital importancia mantener y garantizar una estrecha colaboraci\u00f3n con la SAMU franc\u00e9s, dado que esta cooperaci\u00f3n nos permite mejorar la atenci\u00f3n a las personas y el tratamiento de las urgencias m\u00e9dicas en la Val d\u2019Aran, as\u00ed como en el territorio vecino\u201d, explicaba la s\u00edndica de Aran.<\/p>\n<p>Entre otros asuntos, en este encuentro se ha hablado tambi\u00e9n sobre la necesidad de mantener una estrecha colaboraci\u00f3n ante situaciones de cat\u00e1strofes naturales para dar una mejor cobertura y atenci\u00f3n a la ciudadan\u00eda en caso de producirse este tipo de situaciones.<\/p>\n ","protected":false},"excerpt":{"rendered":"<p>Durante este encuentro, se ha hablado sobre la renovaci\u00f3n del convenio de colaboraci\u00f3n entre el Servicio Aran\u00e9s de Bienestar y Salud y el SAMU, una cooperaci\u00f3n que permite mejorar en ambos territorios la atenci\u00f3n a las personas y el tratamiento de las emergencias sanitarias La s\u00edndica de Aran, Maria Verg\u00e9s, acompa\u00f1ada por los representantes del&#8230;<\/p>\n","protected":false},"author":10,"featured_media":46407,"comment_status":"closed","ping_status":"closed","sticky":false,"template":"","format":"standard","meta":{"footnotes":""},"categories":[52,789],"tags":[],"_links":{"self":[{"href":"https:\/\/www.conselharan.org\/es\/wp-json\/wp\/v2\/posts\/46410"}],"collection":[{"href":"https:\/\/www.conselharan.org\/es\/wp-json\/wp\/v2\/posts"}],"about":[{"href":"https:\/\/www.conselharan.org\/es\/wp-json\/wp\/v2\/types\/post"}],"author":[{"embeddable":true,"href":"https:\/\/www.conselharan.org\/es\/wp-json\/wp\/v2\/users\/10"}],"replies":[{"embeddable":true,"href":"https:\/\/www.conselharan.org\/es\/wp-json\/wp\/v2\/comments?post=46410"}],"version-history":[{"count":1,"href":"https:\/\/www.conselharan.org\/es\/wp-json\/wp\/v2\/posts\/46410\/revisions"}],"predecessor-version":[{"id":46411,"href":"https:\/\/www.conselharan.org\/es\/wp-json\/wp\/v2\/posts\/46410\/revisions\/46411"}],"wp:featuredmedia":[{"embeddable":true,"href":"https:\/\/www.conselharan.org\/es\/wp-json\/wp\/v2\/media\/46407"}],"wp:attachment":[{"href":"https:\/\/www.conselharan.org\/es\/wp-json\/wp\/v2\/media?parent=46410"}],"wp:term":[{"taxonomy":"category","embeddable":true,"href":"https:\/\/www.conselharan.org\/es\/wp-json\/wp\/v2\/categories?post=46410"},{"taxonomy":"post_tag","embeddable":true,"href":"https:\/\/www.conselharan.org\/es\/wp-json\/wp\/v2\/tags?post=46410"}],"curies":[{"name":"wp","href":"https:\/\/api.w.org\/{rel}","templated":true}]}}