{"id":46762,"date":"2022-02-06T17:40:57","date_gmt":"2022-02-06T16:40:57","guid":{"rendered":"https:\/\/www.conselharan.org\/marta-cester-e-sadurni-betriu-se-proclamen-guanhadors-dera-42au-marxa-beret\/"},"modified":"2022-02-06T17:42:33","modified_gmt":"2022-02-06T16:42:33","slug":"marta-cester-e-sadurni-betriu-se-proclamen-guanhadors-dera-42au-marxa-beret","status":"publish","type":"post","link":"https:\/\/www.conselharan.org\/es\/marta-cester-e-sadurni-betriu-se-proclamen-guanhadors-dera-42au-marxa-beret\/","title":{"rendered":"Marta Cester y Sadurn\u00ed Betriu se proclaman ganadores de la 42\u00aa Marxa Beret"},"content":{"rendered":"<h5><img loading=\"lazy\" decoding=\"async\" class=\"aligncenter wp-image-46751 size-large\" src=\"https:\/\/www.conselharan.org\/wp-content\/uploads\/2022\/02\/005_220206_MarxaBeret_fototur-1024x684.jpg\" alt=\"\" width=\"1024\" height=\"684\" srcset=\"https:\/\/www.conselharan.org\/wp-content\/uploads\/2022\/02\/005_220206_MarxaBeret_fototur-1024x684.jpg 1024w, https:\/\/www.conselharan.org\/wp-content\/uploads\/2022\/02\/005_220206_MarxaBeret_fototur-300x200.jpg 300w, https:\/\/www.conselharan.org\/wp-content\/uploads\/2022\/02\/005_220206_MarxaBeret_fototur-768x513.jpg 768w, https:\/\/www.conselharan.org\/wp-content\/uploads\/2022\/02\/005_220206_MarxaBeret_fototur-1536x1025.jpg 1536w, https:\/\/www.conselharan.org\/wp-content\/uploads\/2022\/02\/005_220206_MarxaBeret_fototur-2048x1367.jpg 2048w\" sizes=\"(max-width: 1024px) 100vw, 1024px\" \/>FOTOTUR<\/h5>\n<ul>\n<li>\n<h3><strong>Tras haber sido pospuesta un a\u00f1o debido a la situaci\u00f3n sanitaria, hoy una muy buena meteorolog\u00eda ha acompa\u00f1ado la 42\u00aa edici\u00f3n de la competici\u00f3n popular de esqu\u00ed de fondo m\u00e1s multitudinaria de Espa\u00f1a en las distancias de 10, 21 y 42 km<\/strong><\/h3>\n<\/li>\n<li>\n<h3><strong>A nivel competitivo, el s\u00e1bado se disputaron los Campeonatos de Espa\u00f1a Sprint Salomon y hoy domingo ha sido el d\u00eda de la esperada Marxa Beret, que es puntuable para la Copa de Espa\u00f1a de esqu\u00ed de fondo y forma parte del calendario FIS de Larga Distancia, alrededor de 950 corredores en todo el fin de semana<\/strong><\/h3>\n<\/li>\n<\/ul>\n<p>Despu\u00e9s de un a\u00f1o pospuesta por la pandemia, la esperada 42\u00aa edici\u00f3n de la Marxa Beret se ha celebrado con unas condiciones meteorol\u00f3gicas magn\u00edficas en el Plan de Beret. El evento ha tenido lugar en Beret, \u00d2rri, Montgarri y direcci\u00f3n Marimanha.<\/p>\n<p>La salida en masa de casi 800 participantes ha sido espectacular como en cada edici\u00f3n, con los deportistas de \u00e9lite en la zona delantera con much\u00edsimas ganas de subir a un podio que ha estado muy disputado.<\/p>\n<p>En la categor\u00eda reina la aranesa Marta Cester (CAEI), con 1h.58m.41, y Sadurn\u00ed Betriu (CEFUC), con 1.39.59, se han impuesto con autoridad. Ambos han ganado ya en varias ocasiones este evento y saben perfectamente como dosificarse en un trazado tan largo para conseguir entrar los primeros en meta arropados, adem\u00e1s, por sus amigos y familiares.<\/p>\n<p><a href=\"https:\/\/www.conselharan.org\/wp-content\/uploads\/2022\/02\/061_220206_MarxaBeret_fototur-scaled.jpg\"><br \/>\n<img loading=\"lazy\" decoding=\"async\" class=\"aligncenter wp-image-46754 size-large\" src=\"https:\/\/www.conselharan.org\/wp-content\/uploads\/2022\/02\/061_220206_MarxaBeret_fototur-1024x683.jpg\" alt=\"\" width=\"1024\" height=\"683\" srcset=\"https:\/\/www.conselharan.org\/wp-content\/uploads\/2022\/02\/061_220206_MarxaBeret_fototur-1024x683.jpg 1024w, https:\/\/www.conselharan.org\/wp-content\/uploads\/2022\/02\/061_220206_MarxaBeret_fototur-300x200.jpg 300w, https:\/\/www.conselharan.org\/wp-content\/uploads\/2022\/02\/061_220206_MarxaBeret_fototur-768x512.jpg 768w, https:\/\/www.conselharan.org\/wp-content\/uploads\/2022\/02\/061_220206_MarxaBeret_fototur-1536x1024.jpg 1536w, https:\/\/www.conselharan.org\/wp-content\/uploads\/2022\/02\/061_220206_MarxaBeret_fototur-2048x1365.jpg 2048w\" sizes=\"(max-width: 1024px) 100vw, 1024px\" \/><\/a><\/p>\n<h5>FOTOTUR<\/h5>\n<p>En mujeres la segunda en entrar por meta en los 42 km ha sido Varvara Prokhorova (Bones Sport) con 2.01.07, seguida por Irati Cuadrado (IRRTZ) con 2.01.12. En hombres, Marc Alonso (CEFUC) ha quedado segundo con 1.42.36, y tercero con 1.43.14 ha entrado Roberto Piqueras (EMEM).<\/p>\n<p>La victoria de los 21 km ha sido para Martina Miquel (CENA) con 1.18.13 y Marc Colell (CEFUC) con 1.03.48. En la distancia m\u00e1s corta, los 10 km, el pelda\u00f1o m\u00e1s alto del podio ha sido para Romane Cordonnier (MONTAGNARDS ARGELESIENS PYRENE) con 30:53 y Peio A\u00f1arbe (Monta\u00f1a Gasteiz) con 23.59.<\/p>\n<p><a href=\"https:\/\/www.conselharan.org\/wp-content\/uploads\/2022\/02\/060_220206_MarxaBeret_fototur-scaled.jpg\"><img loading=\"lazy\" decoding=\"async\" class=\"aligncenter wp-image-46757 size-large\" src=\"https:\/\/www.conselharan.org\/wp-content\/uploads\/2022\/02\/060_220206_MarxaBeret_fototur-1024x683.jpg\" alt=\"\" width=\"1024\" height=\"683\" srcset=\"https:\/\/www.conselharan.org\/wp-content\/uploads\/2022\/02\/060_220206_MarxaBeret_fototur-1024x683.jpg 1024w, https:\/\/www.conselharan.org\/wp-content\/uploads\/2022\/02\/060_220206_MarxaBeret_fototur-300x200.jpg 300w, https:\/\/www.conselharan.org\/wp-content\/uploads\/2022\/02\/060_220206_MarxaBeret_fototur-768x512.jpg 768w, https:\/\/www.conselharan.org\/wp-content\/uploads\/2022\/02\/060_220206_MarxaBeret_fototur-1536x1024.jpg 1536w, https:\/\/www.conselharan.org\/wp-content\/uploads\/2022\/02\/060_220206_MarxaBeret_fototur-2048x1365.jpg 2048w\" sizes=\"(max-width: 1024px) 100vw, 1024px\" \/><\/a><\/p>\n<h5>FOTOTUR<\/h5>\n<p>Los campeones de Espa\u00f1a de Sprint del s\u00e1bado, en el emocionante evento patrocinado por Salomon, fueron en categor\u00eda absoluta Alaia Juaristi y Marc Colell. En U16 Martina Sell\u00e9s y el aran\u00e9s Pablo Moreno. En infantil U14 Joana Puig y Adrian Lanau. En U12 Queralt Arimon y Lorien Barrio. Y en U10 Alba Mellen y Jep Grau!<\/p>\n<p>La Marxa Beret es mucho m\u00e1s que una competici\u00f3n, es una de las pruebas de esqu\u00ed n\u00f3rdico m\u00e1s consolidadas que se realizan en la pen\u00ednsula. M\u00e1s all\u00e1 de los deportistas con licencia, la mayor\u00eda de los participantes es un p\u00fablico familiar y grupos de amigos que se lo toman como una fiesta del esqu\u00ed de fondo.<\/p>\n<p>Este evento est\u00e1 organizado por el Conselh Generau d\u2019Aran, de la mano de Baqueira Beret y el Conselh Esportiu dera Val d\u2019Aran. Cuenta con la colaboraci\u00f3n de la Asociaci\u00f3n Volentaris Val d\u2019Aran, el Ayuntamiento de Vielha e Mijaran, Diputaci\u00f3 de Lleida, Pompi\u00e8rs d\u2019Aran, Aran Salut, Mossos d\u2019Esquadra, INS d\u2019Aran, adem\u00e1s de la Real Federaci\u00f3n Espa\u00f1ola de Deportes de Invierno (RFEDI), la Federaci\u00f3 Catalana d\u2019Esports d\u2019Hivern (FCEH) y los distintos patrocinadores.<\/p>\n ","protected":false},"excerpt":{"rendered":"<p>FOTOTUR Tras haber sido pospuesta un a\u00f1o debido a la situaci\u00f3n sanitaria, hoy una muy buena meteorolog\u00eda ha acompa\u00f1ado la 42\u00aa edici\u00f3n de la competici\u00f3n popular de esqu\u00ed de fondo m\u00e1s multitudinaria de Espa\u00f1a en las distancias de 10, 21 y 42 km A nivel competitivo, el s\u00e1bado se disputaron los Campeonatos de Espa\u00f1a Sprint&#8230;<\/p>\n","protected":false},"author":10,"featured_media":46753,"comment_status":"closed","ping_status":"closed","sticky":false,"template":"","format":"standard","meta":{"footnotes":""},"categories":[135],"tags":[],"_links":{"self":[{"href":"https:\/\/www.conselharan.org\/es\/wp-json\/wp\/v2\/posts\/46762"}],"collection":[{"href":"https:\/\/www.conselharan.org\/es\/wp-json\/wp\/v2\/posts"}],"about":[{"href":"https:\/\/www.conselharan.org\/es\/wp-json\/wp\/v2\/types\/post"}],"author":[{"embeddable":true,"href":"https:\/\/www.conselharan.org\/es\/wp-json\/wp\/v2\/users\/10"}],"replies":[{"embeddable":true,"href":"https:\/\/www.conselharan.org\/es\/wp-json\/wp\/v2\/comments?post=46762"}],"version-history":[{"count":2,"href":"https:\/\/www.conselharan.org\/es\/wp-json\/wp\/v2\/posts\/46762\/revisions"}],"predecessor-version":[{"id":46764,"href":"https:\/\/www.conselharan.org\/es\/wp-json\/wp\/v2\/posts\/46762\/revisions\/46764"}],"wp:featuredmedia":[{"embeddable":true,"href":"https:\/\/www.conselharan.org\/es\/wp-json\/wp\/v2\/media\/46753"}],"wp:attachment":[{"href":"https:\/\/www.conselharan.org\/es\/wp-json\/wp\/v2\/media?parent=46762"}],"wp:term":[{"taxonomy":"category","embeddable":true,"href":"https:\/\/www.conselharan.org\/es\/wp-json\/wp\/v2\/categories?post=46762"},{"taxonomy":"post_tag","embeddable":true,"href":"https:\/\/www.conselharan.org\/es\/wp-json\/wp\/v2\/tags?post=46762"}],"curies":[{"name":"wp","href":"https:\/\/api.w.org\/{rel}","templated":true}]}}