{"id":46958,"date":"2022-02-14T14:26:59","date_gmt":"2022-02-14T13:26:59","guid":{"rendered":"https:\/\/www.conselharan.org\/eth-conselh-generau-daran-impartis-charrades-sus-salut-mentau-e-emocionau-en-institut-daran\/"},"modified":"2022-02-14T14:27:55","modified_gmt":"2022-02-14T13:27:55","slug":"eth-conselh-generau-daran-impartis-charrades-sus-salut-mentau-e-emocionau-en-institut-daran","status":"publish","type":"post","link":"https:\/\/www.conselharan.org\/es\/eth-conselh-generau-daran-impartis-charrades-sus-salut-mentau-e-emocionau-en-institut-daran\/","title":{"rendered":"El Conselh Generau d\u2019Aran imparte charlas sobre salud mental y emocional en el Instituto de Aran"},"content":{"rendered":"<p><a href=\"https:\/\/www.conselharan.org\/wp-content\/uploads\/2022\/02\/Talh\u00e8r.jpg\"><img loading=\"lazy\" decoding=\"async\" class=\"aligncenter wp-image-46953 size-large\" src=\"https:\/\/www.conselharan.org\/wp-content\/uploads\/2022\/02\/Talh\u00e8r-e1644845192402-1024x836.jpg\" alt=\"\" width=\"1024\" height=\"836\" srcset=\"https:\/\/www.conselharan.org\/wp-content\/uploads\/2022\/02\/Talh\u00e8r-e1644845192402-1024x836.jpg 1024w, https:\/\/www.conselharan.org\/wp-content\/uploads\/2022\/02\/Talh\u00e8r-e1644845192402-300x245.jpg 300w, https:\/\/www.conselharan.org\/wp-content\/uploads\/2022\/02\/Talh\u00e8r-e1644845192402-768x627.jpg 768w, https:\/\/www.conselharan.org\/wp-content\/uploads\/2022\/02\/Talh\u00e8r-e1644845192402.jpg 1536w\" sizes=\"(max-width: 1024px) 100vw, 1024px\" \/><\/a><\/p>\n<ul>\n<li>\n<h3><strong>El objetivo de estas charlas, que se han impartido al alumnado de 2\u00ba de ESO, y de la formaci\u00f3n en este \u00e1mbito para el profesorado, EAP y t\u00e9cnicas de Juventud del Conselh Generau d\u2019Aran, es mejorar la detecci\u00f3n de las problem\u00e1ticas en salud mental y emocional, alfabetizar en la materia y ofrecer herramientas para mejorar las intervenciones dentro de este encastro <\/strong><\/h3>\n<\/li>\n<\/ul>\n<p>El Conselh Generau d\u2019Aran, a trav\u00e9s de su Oficina de Juventud, ha llevado a cabo cuatro talleres de salud mental y emocional dirigidas al alumnado de 2\u00ba de ESO del Instituto de Aran. Adem\u00e1s, se ha realizado tambi\u00e9n una formaci\u00f3n para el profesorado, EAP y t\u00e9cnicas de Juventud en este \u00e1mbito.<\/p>\n<p>A causa de la crisis sanitaria de la COVID, el colectivo adolescente y juvenil ha sufrido un deterioro generalizado de su salud mental y emocional. Consciente de esta problem\u00e1tica, el gobierno de Aran, por medio de la empresa Aimentia Healt Tech, ha querido brindar apoyo al Instituto de Aran con un proyecto pionero que tiene como objetivo <strong>mejorar la detecci\u00f3n de las problem\u00e1ticas de salud mental, alfabetizar en la materia y ofrecer herramientas para mejorar las intervenciones dentro de este encastro. <\/strong><\/p>\n<p>Hace a\u00f1os que la Organizaci\u00f3n Mundial de la Salud (OMS) manifiesta la necesidad de actuar en el \u00e1mbito de la salud mental y emocional de la poblaci\u00f3n. Por las caracter\u00edsticas de su etapa evolutiva, el colectivo juvenil es uno de los m\u00e1s vulnerables. <strong>En Catalunya, se estima que entre el 10 y el 20% de los adolescentes sufren alg\u00fan trastorno mental<\/strong>, y el suicidio es ya la primera causa de muerte no natural entre las personas j\u00f3venes.<\/p>\n<p>\u201c<strong>Desde el Conselh Generau d\u2019Aran consideramos imperativo y ya trabajamos para impulsar actuaciones que tengan la capacidad de prevenir, proteger y promover la salud mental<\/strong>, de la misma manera que hacemos con la salud f\u00edsica, afectiva, sexual o reproductiva\u201d, afirmaba la s\u00edndica de Aran, Maria Verg\u00e9s.<\/p>\n ","protected":false},"excerpt":{"rendered":"<p>El objetivo de estas charlas, que se han impartido al alumnado de 2\u00ba de ESO, y de la formaci\u00f3n en este \u00e1mbito para el profesorado, EAP y t\u00e9cnicas de Juventud del Conselh Generau d\u2019Aran, es mejorar la detecci\u00f3n de las problem\u00e1ticas en salud mental y emocional, alfabetizar en la materia y ofrecer herramientas para mejorar&#8230;<\/p>\n","protected":false},"author":10,"featured_media":46955,"comment_status":"closed","ping_status":"closed","sticky":false,"template":"","format":"standard","meta":{"footnotes":""},"categories":[34,789,798],"tags":[],"_links":{"self":[{"href":"https:\/\/www.conselharan.org\/es\/wp-json\/wp\/v2\/posts\/46958"}],"collection":[{"href":"https:\/\/www.conselharan.org\/es\/wp-json\/wp\/v2\/posts"}],"about":[{"href":"https:\/\/www.conselharan.org\/es\/wp-json\/wp\/v2\/types\/post"}],"author":[{"embeddable":true,"href":"https:\/\/www.conselharan.org\/es\/wp-json\/wp\/v2\/users\/10"}],"replies":[{"embeddable":true,"href":"https:\/\/www.conselharan.org\/es\/wp-json\/wp\/v2\/comments?post=46958"}],"version-history":[{"count":1,"href":"https:\/\/www.conselharan.org\/es\/wp-json\/wp\/v2\/posts\/46958\/revisions"}],"predecessor-version":[{"id":46959,"href":"https:\/\/www.conselharan.org\/es\/wp-json\/wp\/v2\/posts\/46958\/revisions\/46959"}],"wp:featuredmedia":[{"embeddable":true,"href":"https:\/\/www.conselharan.org\/es\/wp-json\/wp\/v2\/media\/46955"}],"wp:attachment":[{"href":"https:\/\/www.conselharan.org\/es\/wp-json\/wp\/v2\/media?parent=46958"}],"wp:term":[{"taxonomy":"category","embeddable":true,"href":"https:\/\/www.conselharan.org\/es\/wp-json\/wp\/v2\/categories?post=46958"},{"taxonomy":"post_tag","embeddable":true,"href":"https:\/\/www.conselharan.org\/es\/wp-json\/wp\/v2\/tags?post=46958"}],"curies":[{"name":"wp","href":"https:\/\/api.w.org\/{rel}","templated":true}]}}