{"id":47262,"date":"2022-03-02T09:27:30","date_gmt":"2022-03-02T08:27:30","guid":{"rendered":"https:\/\/www.conselharan.org\/eth-conselh-generau-daran-impulse-ua-campanha-solidaria-damb-ucraina\/"},"modified":"2022-03-02T10:01:03","modified_gmt":"2022-03-02T09:01:03","slug":"eth-conselh-generau-daran-impulse-ua-campanha-solidaria-damb-ucraina","status":"publish","type":"post","link":"https:\/\/www.conselharan.org\/es\/eth-conselh-generau-daran-impulse-ua-campanha-solidaria-damb-ucraina\/","title":{"rendered":"El Conselh Generau d\u2019Aran impulsa una campa\u00f1a solidaria con Ucrania"},"content":{"rendered":"<p><a href=\"https:\/\/www.conselharan.org\/wp-content\/uploads\/2022\/03\/1-1.png\"><img loading=\"lazy\" decoding=\"async\" class=\"aligncenter wp-image-47264 size-large\" src=\"https:\/\/www.conselharan.org\/wp-content\/uploads\/2022\/03\/1-1-1024x1024.png\" alt=\"\" width=\"1024\" height=\"1024\" srcset=\"https:\/\/www.conselharan.org\/wp-content\/uploads\/2022\/03\/1-1-1024x1024.png 1024w, https:\/\/www.conselharan.org\/wp-content\/uploads\/2022\/03\/1-1-300x300.png 300w, https:\/\/www.conselharan.org\/wp-content\/uploads\/2022\/03\/1-1-150x150.png 150w, https:\/\/www.conselharan.org\/wp-content\/uploads\/2022\/03\/1-1-768x768.png 768w, https:\/\/www.conselharan.org\/wp-content\/uploads\/2022\/03\/1-1-270x270.png 270w, https:\/\/www.conselharan.org\/wp-content\/uploads\/2022\/03\/1-1-207x207.png 207w, https:\/\/www.conselharan.org\/wp-content\/uploads\/2022\/03\/1-1-75x75.png 75w, https:\/\/www.conselharan.org\/wp-content\/uploads\/2022\/03\/1-1.png 1080w\" sizes=\"(max-width: 1024px) 100vw, 1024px\" \/><\/a><\/p>\n<ul>\n<li><strong>Los Pompi\u00e8rs d\u2019Aran recoger\u00e1n durante los d\u00edas 3 y 5 de marzo material de primera necesidad y alimentos en los parques de Pompi\u00e8rs de Vielha, Les, Boss\u00f2st y el Bar Montanha de Salard\u00fa, y desde Aran Salut se prepara tambi\u00e9n un env\u00edo de material sanitario, dando respuesta a la solicitud de ayuda del Consulado de Ucrania en Barcelona<\/strong><\/li>\n<\/ul>\n<p>Ante la situaci\u00f3n de emergencia que vive actualmente Ucrania, los Pompi\u00e8rs d\u2019Aran, con la colaboraci\u00f3n de Volentaris Val d\u2019Aran y el Bar Montanha de Salard\u00fa, han organizado los d\u00edas 3, 4 y 5 de marzo una recogida de material y alimentos de acci\u00f3n humanitaria.<\/p>\n<p>Los puntos de recogida ser\u00e1n:<\/p>\n<ul>\n<li>Parque de Pompi\u00e8rs de Vielha: de 10:00 a 20:00.<\/li>\n<li>Parque de Pompi\u00e8rs de Les: de 10:00 a 13:00 \u2013 de 17:00 a 20:00.<\/li>\n<li>Parque de Pompi\u00e8rs de Boss\u00f2st: de 10:00 a 13:00 \u2013 de 17:00 a 20:00.<\/li>\n<li>Bar Montanha, Salard\u00fa: de 10:00 a 20:00.<\/li>\n<\/ul>\n<p>Son necesarios los productos b\u00e1sicos siguientes:<\/p>\n\n\t\t<style type=\"text\/css\">\n\t\t\t#gallery-1 {\n\t\t\t\tmargin: auto;\n\t\t\t}\n\t\t\t#gallery-1 .gallery-item {\n\t\t\t\tfloat: left;\n\t\t\t\tmargin-top: 10px;\n\t\t\t\ttext-align: center;\n\t\t\t\twidth: 50%;\n\t\t\t}\n\t\t\t#gallery-1 img {\n\t\t\t\tborder: 2px solid #cfcfcf;\n\t\t\t}\n\t\t\t#gallery-1 .gallery-caption {\n\t\t\t\tmargin-left: 0;\n\t\t\t}\n\t\t\t\/* see gallery_shortcode() in wp-includes\/media.php *\/\n\t\t<\/style>\n\t\t<div id='gallery-1' class='gallery galleryid-47262 gallery-columns-2 gallery-size-large'><dl class='gallery-item'>\n\t\t\t<dt class='gallery-icon landscape'>\n\t\t\t\t<a href='https:\/\/www.conselharan.org\/es\/eth-conselh-generau-daran-impulse-ua-campanha-solidaria-damb-ucraina\/attachment\/3\/'><img loading=\"lazy\" decoding=\"async\" width=\"1024\" height=\"1024\" src=\"https:\/\/www.conselharan.org\/wp-content\/uploads\/2022\/03\/3-1-1024x1024.png\" class=\"attachment-large size-large\" alt=\"\" srcset=\"https:\/\/www.conselharan.org\/wp-content\/uploads\/2022\/03\/3-1-1024x1024.png 1024w, https:\/\/www.conselharan.org\/wp-content\/uploads\/2022\/03\/3-1-300x300.png 300w, https:\/\/www.conselharan.org\/wp-content\/uploads\/2022\/03\/3-1-150x150.png 150w, https:\/\/www.conselharan.org\/wp-content\/uploads\/2022\/03\/3-1-768x768.png 768w, https:\/\/www.conselharan.org\/wp-content\/uploads\/2022\/03\/3-1-270x270.png 270w, https:\/\/www.conselharan.org\/wp-content\/uploads\/2022\/03\/3-1-207x207.png 207w, https:\/\/www.conselharan.org\/wp-content\/uploads\/2022\/03\/3-1-75x75.png 75w, https:\/\/www.conselharan.org\/wp-content\/uploads\/2022\/03\/3-1.png 1080w\" sizes=\"(max-width: 1024px) 100vw, 1024px\" \/><\/a>\n\t\t\t<\/dt><\/dl><dl class='gallery-item'>\n\t\t\t<dt class='gallery-icon landscape'>\n\t\t\t\t<a href='https:\/\/www.conselharan.org\/es\/eth-conselh-generau-daran-impulse-ua-campanha-solidaria-damb-ucraina\/attachment\/4\/'><img loading=\"lazy\" decoding=\"async\" width=\"1024\" height=\"1024\" src=\"https:\/\/www.conselharan.org\/wp-content\/uploads\/2022\/03\/4-1-1024x1024.png\" class=\"attachment-large size-large\" alt=\"\" srcset=\"https:\/\/www.conselharan.org\/wp-content\/uploads\/2022\/03\/4-1-1024x1024.png 1024w, https:\/\/www.conselharan.org\/wp-content\/uploads\/2022\/03\/4-1-300x300.png 300w, https:\/\/www.conselharan.org\/wp-content\/uploads\/2022\/03\/4-1-150x150.png 150w, https:\/\/www.conselharan.org\/wp-content\/uploads\/2022\/03\/4-1-768x768.png 768w, https:\/\/www.conselharan.org\/wp-content\/uploads\/2022\/03\/4-1-270x270.png 270w, https:\/\/www.conselharan.org\/wp-content\/uploads\/2022\/03\/4-1-207x207.png 207w, https:\/\/www.conselharan.org\/wp-content\/uploads\/2022\/03\/4-1-75x75.png 75w, https:\/\/www.conselharan.org\/wp-content\/uploads\/2022\/03\/4-1.png 1080w\" sizes=\"(max-width: 1024px) 100vw, 1024px\" \/><\/a>\n\t\t\t<\/dt><\/dl><br style=\"clear: both\" \/>\n\t\t<\/div>\n\n<p>Las personas que quieran participar como voluntarias, pueden ponerse en contacto con el tel\u00e9fono 626 66 05 47.<\/p>\n<p>Por su parte, Aran Salut colaborar\u00e1 tambi\u00e9n donando material sanitario y medicamentos para las personas afectadas por esta situaci\u00f3n.<\/p>\n<p>El Conselh Generau d\u2019Aran manifiesta su solidaridad con Ucrania y desea que este conflicto b\u00e9lico finalice con la mayor brevedad posible.<\/p>\n ","protected":false},"excerpt":{"rendered":"<p>Los Pompi\u00e8rs d\u2019Aran recoger\u00e1n durante los d\u00edas 3 y 5 de marzo material de primera necesidad y alimentos en los parques de Pompi\u00e8rs de Vielha, Les, Boss\u00f2st y el Bar Montanha de Salard\u00fa, y desde Aran Salut se prepara tambi\u00e9n un env\u00edo de material sanitario, dando respuesta a la solicitud de ayuda del Consulado de&#8230;<\/p>\n","protected":false},"author":10,"featured_media":47247,"comment_status":"closed","ping_status":"closed","sticky":false,"template":"","format":"standard","meta":{"footnotes":""},"categories":[],"tags":[],"_links":{"self":[{"href":"https:\/\/www.conselharan.org\/es\/wp-json\/wp\/v2\/posts\/47262"}],"collection":[{"href":"https:\/\/www.conselharan.org\/es\/wp-json\/wp\/v2\/posts"}],"about":[{"href":"https:\/\/www.conselharan.org\/es\/wp-json\/wp\/v2\/types\/post"}],"author":[{"embeddable":true,"href":"https:\/\/www.conselharan.org\/es\/wp-json\/wp\/v2\/users\/10"}],"replies":[{"embeddable":true,"href":"https:\/\/www.conselharan.org\/es\/wp-json\/wp\/v2\/comments?post=47262"}],"version-history":[{"count":2,"href":"https:\/\/www.conselharan.org\/es\/wp-json\/wp\/v2\/posts\/47262\/revisions"}],"predecessor-version":[{"id":47273,"href":"https:\/\/www.conselharan.org\/es\/wp-json\/wp\/v2\/posts\/47262\/revisions\/47273"}],"wp:featuredmedia":[{"embeddable":true,"href":"https:\/\/www.conselharan.org\/es\/wp-json\/wp\/v2\/media\/47247"}],"wp:attachment":[{"href":"https:\/\/www.conselharan.org\/es\/wp-json\/wp\/v2\/media?parent=47262"}],"wp:term":[{"taxonomy":"category","embeddable":true,"href":"https:\/\/www.conselharan.org\/es\/wp-json\/wp\/v2\/categories?post=47262"},{"taxonomy":"post_tag","embeddable":true,"href":"https:\/\/www.conselharan.org\/es\/wp-json\/wp\/v2\/tags?post=47262"}],"curies":[{"name":"wp","href":"https:\/\/api.w.org\/{rel}","templated":true}]}}