{"id":47299,"date":"2022-03-03T14:09:00","date_gmt":"2022-03-03T13:09:00","guid":{"rendered":"https:\/\/www.conselharan.org\/era-val-daran-acuelhera-dara-endeuant-es-proves-dacces-ara-universitat\/"},"modified":"2022-03-03T14:10:04","modified_gmt":"2022-03-03T13:10:04","slug":"era-val-daran-acuelhera-dara-endeuant-es-proves-dacces-ara-universitat","status":"publish","type":"post","link":"https:\/\/www.conselharan.org\/es\/era-val-daran-acuelhera-dara-endeuant-es-proves-dacces-ara-universitat\/","title":{"rendered":"La Val d\u2019Aran acoger\u00e1, de ahora en adelante, las Pruebas de Acceso a la Universidad"},"content":{"rendered":"<p><a href=\"https:\/\/www.conselharan.org\/wp-content\/uploads\/2022\/03\/P1042584.png\"><img loading=\"lazy\" decoding=\"async\" class=\"aligncenter wp-image-47294 size-large\" src=\"https:\/\/www.conselharan.org\/wp-content\/uploads\/2022\/03\/P1042584-1024x575.png\" alt=\"\" width=\"1024\" height=\"575\" srcset=\"https:\/\/www.conselharan.org\/wp-content\/uploads\/2022\/03\/P1042584-1024x575.png 1024w, https:\/\/www.conselharan.org\/wp-content\/uploads\/2022\/03\/P1042584-300x169.png 300w, https:\/\/www.conselharan.org\/wp-content\/uploads\/2022\/03\/P1042584-768x431.png 768w, https:\/\/www.conselharan.org\/wp-content\/uploads\/2022\/03\/P1042584-1536x863.png 1536w, https:\/\/www.conselharan.org\/wp-content\/uploads\/2022\/03\/P1042584-2048x1150.png 2048w\" sizes=\"(max-width: 1024px) 100vw, 1024px\" \/><\/a><\/p>\n<ul>\n<li>\n<h3><strong>El Conselh Generau d\u2019Aran y el departamento de Investigaci\u00f3n y Universidades de la Generalitat de Catalunya han firmado esta ma\u00f1ana un convenio con la UdL para que el alumnado de Aran y la Alta Ribagor\u00e7a realice las Pruebas de Acceso de la Universidad (PAU) en Vielha <\/strong><\/h3>\n<\/li>\n<\/ul>\n<p>La <strong>s\u00edndica de Aran, Maria Verg\u00e9s<\/strong>, y la <strong>consejera de Conocimiento, Angelina Cases<\/strong>, han recibido esta ma\u00f1ana en la sede del Conselh Generau d\u2019Aran a la <strong>consellera de Investigaci\u00f3n y Universidades de la Generalitat, Gemma Geis<\/strong> y la <strong>secretaria del Consejo Interuniversitario de Catalunya (CIC), Cristina Gelp\u00ed<\/strong>, con quien han mantenido una reuni\u00f3n de trabajo antes de firmar el <strong>convenio<\/strong> entre el Conselh Generau d\u2019Aran, el departamento de Investigaci\u00f3n y Universidades y la Universitat de Lleida (UdL) para que <strong>el alumnado de Aran y la Alta Ribagor\u00e7a realice las Pruebas de Acceso a la Universidad (PAU) en Vielha<\/strong>.<\/p>\n<p>\u201cPara el gobierno del Conselh Generau d\u2019Aran, <strong>este acuerdo es un avance muy importante<\/strong>, dado que conseguimos que los estudiantes de nuestro territorio y de la Alta Ribag\u00f2r\u00e7a <strong>se ahorren la necesidad de desplazarse <\/strong>casi 200 km de ida y 200 m\u00e1s de vuelta por una carretera de monta\u00f1a hasta Lleida, como ten\u00edan que hacer antes de la pandemia, un desplazamiento y una estancia que, adem\u00e1s, supon\u00edan un <strong>gasto econ\u00f3mico importante para las familias<\/strong>\u201d, explicaba la s\u00edndica de Aran, a\u00f1adiendo que: \u201ceste es un paso m\u00e1s para <strong>equiparar a la juventud de la Val d\u2019Aran a la que vive en las grandes ciudades<\/strong>, ofreci\u00e9ndoles una facilidad y un derecho que merecen y que les facilitar\u00e1 la realizaci\u00f3n de estas pruebas\u201d.<\/p>\n<p>Por medio de este convenio, las tres partes se comprometen a aportar los medios econ\u00f3micos, t\u00e9cnicos y personales necesarios para que <strong>estas pruebas puedan\u00a0<\/strong><strong>desarrollarse en nuestro territorio con todas las garant\u00edas<\/strong>, asumiendo el Conselh Generau d\u2019Aran el sobrecoste que genera la incorporaci\u00f3n de un tribunal de las PAU en Vielha. Por lo tanto, las pruebas de acceso a la universidad de 2022 y hasta que se mantenga la vigencia del acuerdo (cuatro a\u00f1os prorrogables) se realizar\u00e1n en Aran.<\/p>\n<p>La consellera Geis ha mostrado su: \u201csatisfacci\u00f3n por la firma de este convenio que responde al objetivo del departamento de Investigaci\u00f3n y Universidades de <strong>vertebrar el pa\u00eds a trav\u00e9s del conocimiento<\/strong>, y eso quiere decir que han de nacer oportunidades y que hay que reconocer la diversidad de Catalunya y reconocer la singularidad de la Val d\u2019Aran\u201d.<\/p>\n<p><strong>Por su parte, la consejera Cases ha declarado que \u201cdesde el Conselh Generau d\u2019Aran estamos muy satisfechos de que esta iniciativa, propuesta por los propios alumnos del Institut d\u2019Aran al Pleno del Conselh Generau d\u2019Aran hace ahora dos a\u00f1os\u201d y a\u00f1ad\u00eda que: \u201cdesde el gobierno de Aran hemos insistidos estos a\u00f1os para conseguir la realizaci\u00f3n de las PAU en nuestro territorio, ya lo conseguimos como medida extraordinaria por la pandemia, pero con este convenio se fortalece este derecho fundamental para nuestros estudiantes\u201d.<\/strong><\/p>\n ","protected":false},"excerpt":{"rendered":"<p>El Conselh Generau d\u2019Aran y el departamento de Investigaci\u00f3n y Universidades de la Generalitat de Catalunya han firmado esta ma\u00f1ana un convenio con la UdL para que el alumnado de Aran y la Alta Ribagor\u00e7a realice las Pruebas de Acceso de la Universidad (PAU) en Vielha La s\u00edndica de Aran, Maria Verg\u00e9s, y la consejera&#8230;<\/p>\n","protected":false},"author":10,"featured_media":47296,"comment_status":"closed","ping_status":"closed","sticky":false,"template":"","format":"standard","meta":{"footnotes":""},"categories":[792,52],"tags":[],"_links":{"self":[{"href":"https:\/\/www.conselharan.org\/es\/wp-json\/wp\/v2\/posts\/47299"}],"collection":[{"href":"https:\/\/www.conselharan.org\/es\/wp-json\/wp\/v2\/posts"}],"about":[{"href":"https:\/\/www.conselharan.org\/es\/wp-json\/wp\/v2\/types\/post"}],"author":[{"embeddable":true,"href":"https:\/\/www.conselharan.org\/es\/wp-json\/wp\/v2\/users\/10"}],"replies":[{"embeddable":true,"href":"https:\/\/www.conselharan.org\/es\/wp-json\/wp\/v2\/comments?post=47299"}],"version-history":[{"count":1,"href":"https:\/\/www.conselharan.org\/es\/wp-json\/wp\/v2\/posts\/47299\/revisions"}],"predecessor-version":[{"id":47300,"href":"https:\/\/www.conselharan.org\/es\/wp-json\/wp\/v2\/posts\/47299\/revisions\/47300"}],"wp:featuredmedia":[{"embeddable":true,"href":"https:\/\/www.conselharan.org\/es\/wp-json\/wp\/v2\/media\/47296"}],"wp:attachment":[{"href":"https:\/\/www.conselharan.org\/es\/wp-json\/wp\/v2\/media?parent=47299"}],"wp:term":[{"taxonomy":"category","embeddable":true,"href":"https:\/\/www.conselharan.org\/es\/wp-json\/wp\/v2\/categories?post=47299"},{"taxonomy":"post_tag","embeddable":true,"href":"https:\/\/www.conselharan.org\/es\/wp-json\/wp\/v2\/tags?post=47299"}],"curies":[{"name":"wp","href":"https:\/\/api.w.org\/{rel}","templated":true}]}}