{"id":47727,"date":"2022-03-25T12:54:13","date_gmt":"2022-03-25T11:54:13","guid":{"rendered":"https:\/\/www.conselharan.org\/era-sindica-daran-participe-enes-jornades-dera-associacion-esmontanas-sus-er-aigua-coma-element-generador-doportunitats\/"},"modified":"2022-03-25T12:54:54","modified_gmt":"2022-03-25T11:54:54","slug":"era-sindica-daran-participe-enes-jornades-dera-associacion-esmontanas-sus-er-aigua-coma-element-generador-doportunitats","status":"publish","type":"post","link":"https:\/\/www.conselharan.org\/es\/era-sindica-daran-participe-enes-jornades-dera-associacion-esmontanas-sus-er-aigua-coma-element-generador-doportunitats\/","title":{"rendered":"La s\u00edndica de Aran participa en las jornadas de la asociaci\u00f3n esMonta\u00f1as sobre el agua como elemento generador de oportunidades"},"content":{"rendered":"<p><a href=\"https:\/\/www.conselharan.org\/wp-content\/uploads\/2022\/03\/FOoMw28XoAA6iRG.jpg\"><img loading=\"lazy\" decoding=\"async\" class=\"aligncenter wp-image-47722 size-large\" src=\"https:\/\/www.conselharan.org\/wp-content\/uploads\/2022\/03\/FOoMw28XoAA6iRG-1024x460.jpg\" alt=\"\" width=\"1024\" height=\"460\" srcset=\"https:\/\/www.conselharan.org\/wp-content\/uploads\/2022\/03\/FOoMw28XoAA6iRG-1024x460.jpg 1024w, https:\/\/www.conselharan.org\/wp-content\/uploads\/2022\/03\/FOoMw28XoAA6iRG-300x135.jpg 300w, https:\/\/www.conselharan.org\/wp-content\/uploads\/2022\/03\/FOoMw28XoAA6iRG-768x345.jpg 768w, https:\/\/www.conselharan.org\/wp-content\/uploads\/2022\/03\/FOoMw28XoAA6iRG-1536x690.jpg 1536w, https:\/\/www.conselharan.org\/wp-content\/uploads\/2022\/03\/FOoMw28XoAA6iRG.jpg 1600w\" sizes=\"(max-width: 1024px) 100vw, 1024px\" \/><\/a><\/p>\n<ul>\n<li>\n<h3><strong>Con motivo del D\u00eda Internacional del agua, que tuvo lugar el pasado 22 de marzo, la asociaci\u00f3n de municipios de monta\u00f1a esMonta\u00f1as ha organizado en Sobrescobio (Asturias) durante los d\u00edas 24 y 25 de marzo estas jornadas, donde la s\u00edndica particip\u00f3 ayer como moderadora en la mesa redonda \u201cConcesiones, caducidad, oportunidades y l\u00edmites al aprovechamiento del agua en los peque\u00f1os municipios\u201d<\/strong><\/h3>\n<\/li>\n<\/ul>\n<p>La s\u00edndica de Aran, Maria Verg\u00e9s, participa los d\u00edas 24 y 25 de marzo en las jornadas sobre el agua como elemento generador de oportunidades que la asociaci\u00f3n esMonta\u00f1as ha organizado en la poblaci\u00f3n de Sobrescobio, en Asturias.<\/p>\n<p>La s\u00edndica, como secretaria general de esMonta\u00f1as, moder\u00f3 ayer la mesa redonda \u201cConcesiones, caducidad, oportunidades y l\u00edmites al aprovechamiento del agua en los peque\u00f1os municipios\u201d, que ha contado con la participaci\u00f3n del Presidente de la Confederaci\u00f3n Hidrogr\u00e1fica del Cant\u00e1brico, Manuel Guti\u00e9rrez, el Director General de Medio Natural del Principado de Asturias, David Villar, la Secretar\u00eda General de Femembalses, Maite Bajard\u00ed, y el alcalde de Somiedo, Belarmino Fern\u00e1ndez.<\/p>\n<p>Cabe recordar que el Conselh Generau d\u2019Aran ejerce la secretar\u00eda general de esMonta\u00f1as desde el a\u00f1o 2020. Esta asociaci\u00f3n naci\u00f3 en 2013 con el objetivo de reunir a los municipios de monta\u00f1a de todo el estado, reivindicar sus necesidades y promover las mejoras legislativas y las acciones necesarias para mejorar la vida de los vecinos y vecinas de estos territorios, frenar la despoblaci\u00f3n y generar desarrollo econ\u00f3mico y social en estos parajes.<\/p>\n ","protected":false},"excerpt":{"rendered":"<p>Con motivo del D\u00eda Internacional del agua, que tuvo lugar el pasado 22 de marzo, la asociaci\u00f3n de municipios de monta\u00f1a esMonta\u00f1as ha organizado en Sobrescobio (Asturias) durante los d\u00edas 24 y 25 de marzo estas jornadas, donde la s\u00edndica particip\u00f3 ayer como moderadora en la mesa redonda \u201cConcesiones, caducidad, oportunidades y l\u00edmites al aprovechamiento&#8230;<\/p>\n","protected":false},"author":10,"featured_media":47724,"comment_status":"closed","ping_status":"closed","sticky":false,"template":"","format":"standard","meta":{"footnotes":""},"categories":[34],"tags":[],"_links":{"self":[{"href":"https:\/\/www.conselharan.org\/es\/wp-json\/wp\/v2\/posts\/47727"}],"collection":[{"href":"https:\/\/www.conselharan.org\/es\/wp-json\/wp\/v2\/posts"}],"about":[{"href":"https:\/\/www.conselharan.org\/es\/wp-json\/wp\/v2\/types\/post"}],"author":[{"embeddable":true,"href":"https:\/\/www.conselharan.org\/es\/wp-json\/wp\/v2\/users\/10"}],"replies":[{"embeddable":true,"href":"https:\/\/www.conselharan.org\/es\/wp-json\/wp\/v2\/comments?post=47727"}],"version-history":[{"count":1,"href":"https:\/\/www.conselharan.org\/es\/wp-json\/wp\/v2\/posts\/47727\/revisions"}],"predecessor-version":[{"id":47728,"href":"https:\/\/www.conselharan.org\/es\/wp-json\/wp\/v2\/posts\/47727\/revisions\/47728"}],"wp:featuredmedia":[{"embeddable":true,"href":"https:\/\/www.conselharan.org\/es\/wp-json\/wp\/v2\/media\/47724"}],"wp:attachment":[{"href":"https:\/\/www.conselharan.org\/es\/wp-json\/wp\/v2\/media?parent=47727"}],"wp:term":[{"taxonomy":"category","embeddable":true,"href":"https:\/\/www.conselharan.org\/es\/wp-json\/wp\/v2\/categories?post=47727"},{"taxonomy":"post_tag","embeddable":true,"href":"https:\/\/www.conselharan.org\/es\/wp-json\/wp\/v2\/tags?post=47727"}],"curies":[{"name":"wp","href":"https:\/\/api.w.org\/{rel}","templated":true}]}}