{"id":47764,"date":"2022-03-28T15:26:02","date_gmt":"2022-03-28T13:26:02","guid":{"rendered":"https:\/\/www.conselharan.org\/era-sindica-daran-e-es-presidencies-des-conselhs-comarcaus-deth-naut-pireneu-samassen-telematicament-damb-eth-president-dera-generalitat\/"},"modified":"2022-03-28T15:27:09","modified_gmt":"2022-03-28T13:27:09","slug":"era-sindica-daran-e-es-presidencies-des-conselhs-comarcaus-deth-naut-pireneu-samassen-telematicament-damb-eth-president-dera-generalitat","status":"publish","type":"post","link":"https:\/\/www.conselharan.org\/es\/era-sindica-daran-e-es-presidencies-des-conselhs-comarcaus-deth-naut-pireneu-samassen-telematicament-damb-eth-president-dera-generalitat\/","title":{"rendered":"La s\u00edndica de Aran y las presidencias de los Consells Comarcals del Alto Pirineo se re\u00fanen telem\u00e1ticamente con el presidente de la Generalitat"},"content":{"rendered":"<p><a href=\"https:\/\/www.conselharan.org\/wp-content\/uploads\/2022\/03\/IMG_3398-scaled.jpg\"><img loading=\"lazy\" decoding=\"async\" class=\"aligncenter wp-image-47759 size-large\" src=\"https:\/\/www.conselharan.org\/wp-content\/uploads\/2022\/03\/IMG_3398-1024x768.jpg\" alt=\"\" width=\"1024\" height=\"768\" srcset=\"https:\/\/www.conselharan.org\/wp-content\/uploads\/2022\/03\/IMG_3398-1024x768.jpg 1024w, https:\/\/www.conselharan.org\/wp-content\/uploads\/2022\/03\/IMG_3398-300x225.jpg 300w, https:\/\/www.conselharan.org\/wp-content\/uploads\/2022\/03\/IMG_3398-768x576.jpg 768w, https:\/\/www.conselharan.org\/wp-content\/uploads\/2022\/03\/IMG_3398-1536x1152.jpg 1536w, https:\/\/www.conselharan.org\/wp-content\/uploads\/2022\/03\/IMG_3398-2048x1536.jpg 2048w\" sizes=\"(max-width: 1024px) 100vw, 1024px\" \/><\/a><\/p>\n<ul>\n<li>\n<h3><strong>Durante la \u00faltima reuni\u00f3n peri\u00f3dica entre los Consells Comarcals del Alto Pirineo y el Conselh Generau d\u2019Aran, que ha tenido lugar hoy en la sede del gobierno aran\u00e9s, se ha hablado con el presidente de la Generalitat sobre la candidatura de los JJOO de invierno de 2030 y las presidencias y la s\u00edndica han manifestado que no ven necesaria una consulta pero, dado que es mandato parlamentario, han acordado trabajar de forma conjunta para evitar que este asunto cree tensiones entre territorios vecinos y han reclamado que en la propuesta t\u00e9cnica de la candidatura haya un reparto equitativo de las pruebas<\/strong><\/h3>\n<\/li>\n<\/ul>\n<p>La sede del Conselh Generau d\u2019Aran ha acogido esta ma\u00f1ana la reuni\u00f3n peri\u00f3dica de la s\u00edndica de Aran con las presidencias de los Consells Comarcals del Alto Pirineo.<\/p>\n<p>Uno de los principales asuntos tratados en esta reuni\u00f3n ha sido la candidatura de los Juegos Ol\u00edmpicos de invierno de 2030 en el Pirineo, punto de la orden del d\u00eda que ha contado con la presencia telem\u00e1tica del presidente de la Generalitat, Pere Aragon\u00e8s, que ha explicado en qu\u00e9 punto se encuentra la consulta a la ciudadan\u00eda sobre esta candidatura y les ha pedido su opini\u00f3n sobre este asunto.<\/p>\n<p>Tanto la s\u00edndica de Aran como las presidencias de los Consells Comarcals del Alto Pirineo han trasladado al presidente su opini\u00f3n un\u00e1nime que, a estas alturas y tras haber conocido la propuesta t\u00e9cnica de la candidatura, no ven necesaria la realizaci\u00f3n de esta consulta pero que, al ser un mandato parlamentario, aceptan su realizaci\u00f3n. Sin embargo, han dejado claro que su voluntad es evitar que se creen tensiones entre territorios vecinos por este motivo y defienden que esta consulta no sea solo para pedir a la ciudadan\u00eda si est\u00e1n a favor o en contra de unos JJOO, sino que sirva para hablar sobre qu\u00e9 modelo de territorio se quiere conseguir.<\/p>\n<p>Adem\u00e1s, tambi\u00e9n han puesto encima de la mesa que quieren que en la propuesta t\u00e9cnica de esta candidatura ol\u00edmpica haya un reparto equitativo entre todos los territorios el Alto Pirineo y Aran, puesto que una oportunidad de esta dimensiones ayudar\u00eda a generar el impulso en el desarrollo social y territorial que el Pirineo necesita para proyectarse como territorio de referencia a nivel global.<\/p>\n<p>En esta reuni\u00f3n, ante la falta de soluciones a la problem\u00e1tica del transporte escolar en algunas comarcas del Alto Pirineo, los Consells Comarcals han vuelto a posicionarse en contra de las directrices del Departamento de Educaci\u00f3n que les instan a cobrar el servicio de transporte a los alumnos de ense\u00f1amiento no obligatorio. Han acordado continuar trabajando para solucionar esta problem\u00e1tica y dirigirse al conseller Cambray para buscar soluciones para que el Departamento reconsidere estas medidas y aplique otras m\u00e1s adecuadas a la realidad de estos territorios. En este sentido, el Conselh Generau d\u2019Aran ha mostrado todo su apoyo a los Consells Comarcals en esta petici\u00f3n tan leg\u00edtima.<\/p>\n<p>Finalmente, tras conocer que en estos \u00faltimos d\u00edas el departamento de Vicepresidencia de la Generalitat prepara un Estatuto de los Municipios Rurales y que ya ha mantenido alguna reuni\u00f3n con los Consells Comarcals del Alto Pirineo, han pedido que este Estatuto tenga en cuenta la visi\u00f3n de los territorios de monta\u00f1a y que se cuente con la participaci\u00f3n de los territorios implicados para la redacci\u00f3n de este documento.<\/p>\n ","protected":false},"excerpt":{"rendered":"<p>Durante la \u00faltima reuni\u00f3n peri\u00f3dica entre los Consells Comarcals del Alto Pirineo y el Conselh Generau d\u2019Aran, que ha tenido lugar hoy en la sede del gobierno aran\u00e9s, se ha hablado con el presidente de la Generalitat sobre la candidatura de los JJOO de invierno de 2030 y las presidencias y la s\u00edndica han manifestado&#8230;<\/p>\n","protected":false},"author":10,"featured_media":47761,"comment_status":"closed","ping_status":"closed","sticky":false,"template":"","format":"standard","meta":{"footnotes":""},"categories":[52],"tags":[],"_links":{"self":[{"href":"https:\/\/www.conselharan.org\/es\/wp-json\/wp\/v2\/posts\/47764"}],"collection":[{"href":"https:\/\/www.conselharan.org\/es\/wp-json\/wp\/v2\/posts"}],"about":[{"href":"https:\/\/www.conselharan.org\/es\/wp-json\/wp\/v2\/types\/post"}],"author":[{"embeddable":true,"href":"https:\/\/www.conselharan.org\/es\/wp-json\/wp\/v2\/users\/10"}],"replies":[{"embeddable":true,"href":"https:\/\/www.conselharan.org\/es\/wp-json\/wp\/v2\/comments?post=47764"}],"version-history":[{"count":1,"href":"https:\/\/www.conselharan.org\/es\/wp-json\/wp\/v2\/posts\/47764\/revisions"}],"predecessor-version":[{"id":47765,"href":"https:\/\/www.conselharan.org\/es\/wp-json\/wp\/v2\/posts\/47764\/revisions\/47765"}],"wp:featuredmedia":[{"embeddable":true,"href":"https:\/\/www.conselharan.org\/es\/wp-json\/wp\/v2\/media\/47761"}],"wp:attachment":[{"href":"https:\/\/www.conselharan.org\/es\/wp-json\/wp\/v2\/media?parent=47764"}],"wp:term":[{"taxonomy":"category","embeddable":true,"href":"https:\/\/www.conselharan.org\/es\/wp-json\/wp\/v2\/categories?post=47764"},{"taxonomy":"post_tag","embeddable":true,"href":"https:\/\/www.conselharan.org\/es\/wp-json\/wp\/v2\/tags?post=47764"}],"curies":[{"name":"wp","href":"https:\/\/api.w.org\/{rel}","templated":true}]}}