{"id":47801,"date":"2022-03-30T14:51:08","date_gmt":"2022-03-30T12:51:08","guid":{"rendered":"https:\/\/www.conselharan.org\/eth-conselh-generau-daran-participe-en-plan-especiau-de-cooperacion-comarcau-dera-deputacion-de-lleida-2\/"},"modified":"2022-03-30T14:56:15","modified_gmt":"2022-03-30T12:56:15","slug":"eth-conselh-generau-daran-participe-en-plan-especiau-de-cooperacion-comarcau-dera-deputacion-de-lleida-2","status":"publish","type":"post","link":"https:\/\/www.conselharan.org\/es\/eth-conselh-generau-daran-participe-en-plan-especiau-de-cooperacion-comarcau-dera-deputacion-de-lleida-2\/","title":{"rendered":"El Conselh Generau d\u2019Aran participa en el Plan Especial de Cooperaci\u00f3n Comarcal de la Diputaci\u00f3n de Lleida"},"content":{"rendered":"<p><a href=\"https:\/\/www.conselharan.org\/wp-content\/uploads\/2022\/03\/g_wPX0IM.jpeg\"><img loading=\"lazy\" decoding=\"async\" class=\"aligncenter wp-image-47796 size-large\" src=\"https:\/\/www.conselharan.org\/wp-content\/uploads\/2022\/03\/g_wPX0IM-1024x683.jpeg\" alt=\"\" width=\"1024\" height=\"683\" srcset=\"https:\/\/www.conselharan.org\/wp-content\/uploads\/2022\/03\/g_wPX0IM-1024x683.jpeg 1024w, https:\/\/www.conselharan.org\/wp-content\/uploads\/2022\/03\/g_wPX0IM-300x200.jpeg 300w, https:\/\/www.conselharan.org\/wp-content\/uploads\/2022\/03\/g_wPX0IM-768x512.jpeg 768w, https:\/\/www.conselharan.org\/wp-content\/uploads\/2022\/03\/g_wPX0IM-1536x1024.jpeg 1536w, https:\/\/www.conselharan.org\/wp-content\/uploads\/2022\/03\/g_wPX0IM.jpeg 2048w\" sizes=\"(max-width: 1024px) 100vw, 1024px\" \/><\/a><\/p>\n<ul>\n<li>\n<h3><strong>Durante todo el pasado 2021, el Conselh Generau d\u2019Aran ha prestado asistencia y cooperaci\u00f3n jur\u00eddica, econ\u00f3mica y t\u00e9cnica a los municipios araneses y, en el caso de los municipios de menos de 1.000 habitantes, ha garantizado la prestaci\u00f3n de los servicios de secretar\u00eda e intervenci\u00f3n, con el apoyo econ\u00f3mico de la Diputaci\u00f3n de Lleida<\/strong><\/h3>\n<\/li>\n<\/ul>\n<p>El Conselh Generau d\u2019Aran y la Diputaci\u00f3n de Lleida han vuelto a colaborar, un a\u00f1o m\u00e1s, para prestar cooperaci\u00f3n y asistencia t\u00e9cnica a los municipios araneses mediante el Plan Especial de Cooperaci\u00f3n Comarcal de la Diputaci\u00f3n provincial.<\/p>\n<p>Mediante este Plan, la Diputaci\u00f3n de Lleida ha invertido casi 180.000 euros para que el gobierno aran\u00e9s pueda prestar asistencia y cooperaci\u00f3n jur\u00eddica, econ\u00f3mica y t\u00e9cnica a los municipios de Aran, especialmente a los de menos capacidad econ\u00f3mica y de gesti\u00f3n.<\/p>\n<p>En el caso de los municipios de menos de 1.000 habitantes, este Plan de Cooperaci\u00f3n garantiza tambi\u00e9n la prestaci\u00f3n de los servicios de secretar\u00eda e intervenci\u00f3n por medio de una dotaci\u00f3n de 42.000 \u20ac por parte de la Diputaci\u00f3n.<\/p>\n<p>Adem\u00e1s, la Diputaci\u00f3n dota al Conselh Generau d\u2019Aran de casi 8.000 \u20ac al Programa Hestia de alquiler de servicios de aplicaciones de Servicios Sociales, m\u00e1s de 19.000 para el Plan econ\u00f3mico en el \u00e1mbito de la salud, 27.000 \u20ac en asesoramiento y apoyo t\u00e9cnico en materia de cultura y patrimonio y 30.000 \u20ac en el Plan de Redacci\u00f3n de Proyectos de Inversi\u00f3n NGEU 2021.<\/p>\n\n\t\t<style type=\"text\/css\">\n\t\t\t#gallery-1 {\n\t\t\t\tmargin: auto;\n\t\t\t}\n\t\t\t#gallery-1 .gallery-item {\n\t\t\t\tfloat: left;\n\t\t\t\tmargin-top: 10px;\n\t\t\t\ttext-align: center;\n\t\t\t\twidth: 50%;\n\t\t\t}\n\t\t\t#gallery-1 img {\n\t\t\t\tborder: 2px solid #cfcfcf;\n\t\t\t}\n\t\t\t#gallery-1 .gallery-caption {\n\t\t\t\tmargin-left: 0;\n\t\t\t}\n\t\t\t\/* see gallery_shortcode() in wp-includes\/media.php *\/\n\t\t<\/style>\n\t\t<div id='gallery-1' class='gallery galleryid-47801 gallery-columns-2 gallery-size-medium'><dl class='gallery-item'>\n\t\t\t<dt class='gallery-icon landscape'>\n\t\t\t\t<a href='https:\/\/www.conselharan.org\/es\/eth-conselh-generau-daran-participe-en-plan-especiau-de-cooperacion-comarcau-dera-deputacion-de-lleida-2\/iei-logo-2-2\/'><img loading=\"lazy\" decoding=\"async\" width=\"300\" height=\"164\" src=\"https:\/\/www.conselharan.org\/wp-content\/uploads\/2022\/03\/IEI-logo-300x164.jpg\" class=\"attachment-medium size-medium\" alt=\"\" srcset=\"https:\/\/www.conselharan.org\/wp-content\/uploads\/2022\/03\/IEI-logo-300x164.jpg 300w, https:\/\/www.conselharan.org\/wp-content\/uploads\/2022\/03\/IEI-logo-768x419.jpg 768w, https:\/\/www.conselharan.org\/wp-content\/uploads\/2022\/03\/IEI-logo.jpg 854w\" sizes=\"(max-width: 300px) 100vw, 300px\" \/><\/a>\n\t\t\t<\/dt><\/dl><dl class='gallery-item'>\n\t\t\t<dt class='gallery-icon landscape'>\n\t\t\t\t<a href='https:\/\/www.conselharan.org\/es\/eth-conselh-generau-daran-participe-en-plan-especiau-de-cooperacion-comarcau-dera-deputacion-de-lleida-2\/logotipo_de_la_diputacion_de_lleida-2\/'><img loading=\"lazy\" decoding=\"async\" width=\"300\" height=\"150\" src=\"https:\/\/www.conselharan.org\/wp-content\/uploads\/2022\/03\/Logotipo_de_la_Diputaci\u00f3n_de_Lleida-300x150.jpg\" class=\"attachment-medium size-medium\" alt=\"\" srcset=\"https:\/\/www.conselharan.org\/wp-content\/uploads\/2022\/03\/Logotipo_de_la_Diputaci\u00f3n_de_Lleida-300x150.jpg 300w, https:\/\/www.conselharan.org\/wp-content\/uploads\/2022\/03\/Logotipo_de_la_Diputaci\u00f3n_de_Lleida-1024x512.jpg 1024w, https:\/\/www.conselharan.org\/wp-content\/uploads\/2022\/03\/Logotipo_de_la_Diputaci\u00f3n_de_Lleida-768x384.jpg 768w, https:\/\/www.conselharan.org\/wp-content\/uploads\/2022\/03\/Logotipo_de_la_Diputaci\u00f3n_de_Lleida-1536x768.jpg 1536w, https:\/\/www.conselharan.org\/wp-content\/uploads\/2022\/03\/Logotipo_de_la_Diputaci\u00f3n_de_Lleida-640x320.jpg 640w, https:\/\/www.conselharan.org\/wp-content\/uploads\/2022\/03\/Logotipo_de_la_Diputaci\u00f3n_de_Lleida.jpg 1654w\" sizes=\"(max-width: 300px) 100vw, 300px\" \/><\/a>\n\t\t\t<\/dt><\/dl><br style=\"clear: both\" \/>\n\t\t<\/div>\n\n ","protected":false},"excerpt":{"rendered":"<p>Durante todo el pasado 2021, el Conselh Generau d\u2019Aran ha prestado asistencia y cooperaci\u00f3n jur\u00eddica, econ\u00f3mica y t\u00e9cnica a los municipios araneses y, en el caso de los municipios de menos de 1.000 habitantes, ha garantizado la prestaci\u00f3n de los servicios de secretar\u00eda e intervenci\u00f3n, con el apoyo econ\u00f3mico de la Diputaci\u00f3n de Lleida El&#8230;<\/p>\n","protected":false},"author":10,"featured_media":47798,"comment_status":"closed","ping_status":"closed","sticky":false,"template":"","format":"standard","meta":{"footnotes":""},"categories":[34],"tags":[],"_links":{"self":[{"href":"https:\/\/www.conselharan.org\/es\/wp-json\/wp\/v2\/posts\/47801"}],"collection":[{"href":"https:\/\/www.conselharan.org\/es\/wp-json\/wp\/v2\/posts"}],"about":[{"href":"https:\/\/www.conselharan.org\/es\/wp-json\/wp\/v2\/types\/post"}],"author":[{"embeddable":true,"href":"https:\/\/www.conselharan.org\/es\/wp-json\/wp\/v2\/users\/10"}],"replies":[{"embeddable":true,"href":"https:\/\/www.conselharan.org\/es\/wp-json\/wp\/v2\/comments?post=47801"}],"version-history":[{"count":3,"href":"https:\/\/www.conselharan.org\/es\/wp-json\/wp\/v2\/posts\/47801\/revisions"}],"predecessor-version":[{"id":47811,"href":"https:\/\/www.conselharan.org\/es\/wp-json\/wp\/v2\/posts\/47801\/revisions\/47811"}],"wp:featuredmedia":[{"embeddable":true,"href":"https:\/\/www.conselharan.org\/es\/wp-json\/wp\/v2\/media\/47798"}],"wp:attachment":[{"href":"https:\/\/www.conselharan.org\/es\/wp-json\/wp\/v2\/media?parent=47801"}],"wp:term":[{"taxonomy":"category","embeddable":true,"href":"https:\/\/www.conselharan.org\/es\/wp-json\/wp\/v2\/categories?post=47801"},{"taxonomy":"post_tag","embeddable":true,"href":"https:\/\/www.conselharan.org\/es\/wp-json\/wp\/v2\/tags?post=47801"}],"curies":[{"name":"wp","href":"https:\/\/api.w.org\/{rel}","templated":true}]}}