{"id":48277,"date":"2022-05-03T14:48:55","date_gmt":"2022-05-03T12:48:55","guid":{"rendered":"https:\/\/www.conselharan.org\/eth-conselh-generau-daran-aufris-corsi-de-lenguatge-inclusiu-ena-administracion-entath-son-personau\/"},"modified":"2022-05-03T14:55:02","modified_gmt":"2022-05-03T12:55:02","slug":"eth-conselh-generau-daran-aufris-corsi-de-lenguatge-inclusiu-ena-administracion-entath-son-personau","status":"publish","type":"post","link":"https:\/\/www.conselharan.org\/es\/eth-conselh-generau-daran-aufris-corsi-de-lenguatge-inclusiu-ena-administracion-entath-son-personau\/","title":{"rendered":"El Conselh Generau d\u2019Aran lleva a cabo cursos de lenguaje inclusivo en la administraci\u00f3n para su personal"},"content":{"rendered":"<p><a href=\"https:\/\/www.conselharan.org\/wp-content\/uploads\/2022\/05\/IMG_3980-scaled.jpg\"><img loading=\"lazy\" decoding=\"async\" class=\"aligncenter wp-image-48272 size-large\" src=\"https:\/\/www.conselharan.org\/wp-content\/uploads\/2022\/05\/IMG_3980-1024x768.jpg\" alt=\"\" width=\"1024\" height=\"768\" srcset=\"https:\/\/www.conselharan.org\/wp-content\/uploads\/2022\/05\/IMG_3980-1024x768.jpg 1024w, https:\/\/www.conselharan.org\/wp-content\/uploads\/2022\/05\/IMG_3980-300x225.jpg 300w, https:\/\/www.conselharan.org\/wp-content\/uploads\/2022\/05\/IMG_3980-768x576.jpg 768w, https:\/\/www.conselharan.org\/wp-content\/uploads\/2022\/05\/IMG_3980-1536x1152.jpg 1536w, https:\/\/www.conselharan.org\/wp-content\/uploads\/2022\/05\/IMG_3980-2048x1536.jpg 2048w\" sizes=\"(max-width: 1024px) 100vw, 1024px\" \/><\/a><\/p>\n<ul>\n<li>\n<h3><strong>En esta misma l\u00ednea, el Conselh Generau d\u2019Aran ha editado su propia \u201cGu\u00eda del lenguaje inclusivo en los textos administrativos\u201d en aran\u00e9s, que se reparti\u00f3 a los asistentes a estas formaciones y que se har\u00e1 llegar tambi\u00e9n, en las pr\u00f3ximas semanas, a todos los ayuntamientos del territorio<\/strong><\/h3>\n<\/li>\n<\/ul>\n<p>La pasada semana, el personal del Conselh Generau d\u2019Aran asisti\u00f3 a una formaci\u00f3n sobre lenguaje inclusivo en la administraci\u00f3n, una iniciativa promovida por el \u00e1rea de Igualdad de la m\u00e1xima instituci\u00f3n aranesa. La formaci\u00f3n fue impartida por las socioling\u00fcistas de la UdL Helena Torres y S\u00f2nia Mas.<\/p>\n<p>En estas jornadas, los y las profesionales de la administraci\u00f3n recibieron instrumentos para el uso de un lenguaje que no discrimine a ninguna persona en el desarrollo de sus funciones y se hicieron diversos ejercicios pr\u00e1cticos para poner a prueba los conocimientos adquiridos.<\/p>\n<p>En esta l\u00ednea, el Conselh Generau d\u2019Aran ha editado su propia \u201cGu\u00eda del lenguaje inclusivo en los textos administrativos\u201d, que se reparti\u00f3 tambi\u00e9n entre los y las asistentes a esta formaci\u00f3n y que se har\u00e1 llegar, en las pr\u00f3ximas semanas, a todos los ayuntamientos de nuestro territorio.<\/p>\n<p>\u201cEstas acciones responden al objetivo del gobierno del Conselh Generau d\u2019Aran de proponer formas para utilizar un lenguaje inclusivo y no sexista ni discriminatorio con ninguna persona dentro de la administraci\u00f3n, para fomentar la igualdad. Y lo hacemos, por primera vez, en nuestra lengua propia, el aran\u00e9s, que es tambi\u00e9n la oficial en la administraci\u00f3n de Aran\u201d, manifestaba la s\u00edndica de Aran, Maria Verg\u00e9s, que destacaba la importancia de estas acciones porque \u201cen el encastro de la igualdad, la lengua juega un papel fundamental porque el lenguaje es el instrumento de comunicaci\u00f3n entre las personas y est\u00e1 \u00edntimamente relacionado con el pensamiento y la vida social\u201d.<\/p>\n ","protected":false},"excerpt":{"rendered":"<p>En esta misma l\u00ednea, el Conselh Generau d\u2019Aran ha editado su propia \u201cGu\u00eda del lenguaje inclusivo en los textos administrativos\u201d en aran\u00e9s, que se reparti\u00f3 a los asistentes a estas formaciones y que se har\u00e1 llegar tambi\u00e9n, en las pr\u00f3ximas semanas, a todos los ayuntamientos del territorio La pasada semana, el personal del Conselh Generau&#8230;<\/p>\n","protected":false},"author":10,"featured_media":48274,"comment_status":"closed","ping_status":"closed","sticky":false,"template":"","format":"standard","meta":{"footnotes":""},"categories":[52],"tags":[],"_links":{"self":[{"href":"https:\/\/www.conselharan.org\/es\/wp-json\/wp\/v2\/posts\/48277"}],"collection":[{"href":"https:\/\/www.conselharan.org\/es\/wp-json\/wp\/v2\/posts"}],"about":[{"href":"https:\/\/www.conselharan.org\/es\/wp-json\/wp\/v2\/types\/post"}],"author":[{"embeddable":true,"href":"https:\/\/www.conselharan.org\/es\/wp-json\/wp\/v2\/users\/10"}],"replies":[{"embeddable":true,"href":"https:\/\/www.conselharan.org\/es\/wp-json\/wp\/v2\/comments?post=48277"}],"version-history":[{"count":2,"href":"https:\/\/www.conselharan.org\/es\/wp-json\/wp\/v2\/posts\/48277\/revisions"}],"predecessor-version":[{"id":48279,"href":"https:\/\/www.conselharan.org\/es\/wp-json\/wp\/v2\/posts\/48277\/revisions\/48279"}],"wp:featuredmedia":[{"embeddable":true,"href":"https:\/\/www.conselharan.org\/es\/wp-json\/wp\/v2\/media\/48274"}],"wp:attachment":[{"href":"https:\/\/www.conselharan.org\/es\/wp-json\/wp\/v2\/media?parent=48277"}],"wp:term":[{"taxonomy":"category","embeddable":true,"href":"https:\/\/www.conselharan.org\/es\/wp-json\/wp\/v2\/categories?post=48277"},{"taxonomy":"post_tag","embeddable":true,"href":"https:\/\/www.conselharan.org\/es\/wp-json\/wp\/v2\/tags?post=48277"}],"curies":[{"name":"wp","href":"https:\/\/api.w.org\/{rel}","templated":true}]}}