{"id":48297,"date":"2022-05-05T14:33:36","date_gmt":"2022-05-05T12:33:36","guid":{"rendered":"https:\/\/www.conselharan.org\/eth-conselh-generau-daran-consolide-es-espacis-de-coworking-ena-val-daran\/"},"modified":"2022-05-05T14:34:39","modified_gmt":"2022-05-05T12:34:39","slug":"eth-conselh-generau-daran-consolide-es-espacis-de-coworking-ena-val-daran","status":"publish","type":"post","link":"https:\/\/www.conselharan.org\/es\/eth-conselh-generau-daran-consolide-es-espacis-de-coworking-ena-val-daran\/","title":{"rendered":"El Conselh Generau d\u2019Aran consolida los espacios de coworking en la Val d\u2019Aran"},"content":{"rendered":"<p><a href=\"https:\/\/www.conselharan.org\/wp-content\/uploads\/2022\/05\/IMG_4267-scaled.jpg\"><img loading=\"lazy\" decoding=\"async\" class=\"aligncenter wp-image-48292 size-large\" src=\"https:\/\/www.conselharan.org\/wp-content\/uploads\/2022\/05\/IMG_4267-1024x768.jpg\" alt=\"\" width=\"1024\" height=\"768\" srcset=\"https:\/\/www.conselharan.org\/wp-content\/uploads\/2022\/05\/IMG_4267-1024x768.jpg 1024w, https:\/\/www.conselharan.org\/wp-content\/uploads\/2022\/05\/IMG_4267-300x225.jpg 300w, https:\/\/www.conselharan.org\/wp-content\/uploads\/2022\/05\/IMG_4267-768x576.jpg 768w, https:\/\/www.conselharan.org\/wp-content\/uploads\/2022\/05\/IMG_4267-1536x1152.jpg 1536w, https:\/\/www.conselharan.org\/wp-content\/uploads\/2022\/05\/IMG_4267-2048x1536.jpg 2048w\" sizes=\"(max-width: 1024px) 100vw, 1024px\" \/><\/a><\/p>\n<ul>\n<li>\n<h3><strong>Estos espacios, ubicados en el HUB de innovaci\u00f3n rural H\u00e8Pic y el CEI de Casau, acoger\u00e1n a personas emprendedoras, peque\u00f1as empresas, startups o profesionales independientes para que tengan un lugar f\u00edsico en el que trabajar, compartir ideas y conocimientos, y est\u00e1 previsto que se pongan en funcionamiento en las pr\u00f3ximas semanas<\/strong><\/h3>\n<\/li>\n<\/ul>\n<p>El Pleno del Conselh Generau d\u2019Aran ha aprobado hoy, en su sesi\u00f3n extraordinaria, el reglamento de los espacios de coworking en el HUB de innovaci\u00f3n rural H\u00e8Pic y en el CEI de Casau.<\/p>\n<p>Los espacios de coworking son oficinas compartidas en las que personas emprendedoras, peque\u00f1as empresas, startups o profesionales independientes se dan cita para trabajar en un mismo espacio, donde poder crear una red de contactos y compartir ideas y conocimientos.<\/p>\n<p>\u201cLa apuesta del Conselh Generau d\u2019Aran por la creaci\u00f3n, implementaci\u00f3n y expansi\u00f3n de proyectos innovadoras y sostenibles con impacto positivo en la Val d\u2019Aran es clara, y la creaci\u00f3n de espacios de coworking en nuestro territorio va en la l\u00ednea de esta apuesta por la innovaci\u00f3n y la retenci\u00f3n del talento joven\u201d afirmaba la s\u00edndica de Aran, Maria Verg\u00e9s, a\u00f1adiendo que: \u201cqueremos ofrecer a los j\u00f3venes emprendedores\/as todas las facilidades en nuestra mano para que puedan conseguir sus objetivos y dotarles de un espacio f\u00edsico y facilidades a trav\u00e9s de nuestro HUB de innovaci\u00f3n\u201d.<\/p>\n<p>Despu\u00e9s de la aprobaci\u00f3n de este reglamento por parte del Pleno, la puesta en funcionamiento de estos espacios es inminente y se espera poder abrirlos al p\u00fablico en las pr\u00f3ximas semanas.<\/p>\n<p>En este Pleno se ha aprobado tambi\u00e9n una modificaci\u00f3n de cr\u00e9dito para permitir llevar a cabo algunas licitaciones que han quedado desiertas o han tenido cierta complejidad por las dificultados que se vive en estos momentos por la inflaci\u00f3n.<\/p>\n<p>El Pleno del Conselh Generau d\u2019Aran ha aprobado tambi\u00e9n, por unanimidad, la declaraci\u00f3n del a\u00f1o 2022 como A\u00f1o Sandaran para conmemorar el 80 aniversario de la muerte de este insigne aran\u00e9s. Se realizar\u00e1n una serie de actos como la presentaci\u00f3n del libro sobre la vida y obra de Sandaran, la realizaci\u00f3n de un video conmemorativo y otras actividades que se ir\u00e1n anunciando a lo largo del a\u00f1o.<\/p>\n<p>Adem\u00e1s, el Conselh Generau d\u2019Aran ha recuperado los Plenos en la sede institucional de la m\u00e1xima instituci\u00f3n aranesa, la Casa deth Senhor d\u2019Arr\u00f2s, tras dos a\u00f1os de haberlos celebrado todos en la sede administrativa a causa de la situaci\u00f3n sanitaria.<\/p>\n ","protected":false},"excerpt":{"rendered":"<p>Estos espacios, ubicados en el HUB de innovaci\u00f3n rural H\u00e8Pic y el CEI de Casau, acoger\u00e1n a personas emprendedoras, peque\u00f1as empresas, startups o profesionales independientes para que tengan un lugar f\u00edsico en el que trabajar, compartir ideas y conocimientos, y est\u00e1 previsto que se pongan en funcionamiento en las pr\u00f3ximas semanas El Pleno del Conselh&#8230;<\/p>\n","protected":false},"author":10,"featured_media":48294,"comment_status":"closed","ping_status":"closed","sticky":false,"template":"","format":"standard","meta":{"footnotes":""},"categories":[52],"tags":[],"_links":{"self":[{"href":"https:\/\/www.conselharan.org\/es\/wp-json\/wp\/v2\/posts\/48297"}],"collection":[{"href":"https:\/\/www.conselharan.org\/es\/wp-json\/wp\/v2\/posts"}],"about":[{"href":"https:\/\/www.conselharan.org\/es\/wp-json\/wp\/v2\/types\/post"}],"author":[{"embeddable":true,"href":"https:\/\/www.conselharan.org\/es\/wp-json\/wp\/v2\/users\/10"}],"replies":[{"embeddable":true,"href":"https:\/\/www.conselharan.org\/es\/wp-json\/wp\/v2\/comments?post=48297"}],"version-history":[{"count":1,"href":"https:\/\/www.conselharan.org\/es\/wp-json\/wp\/v2\/posts\/48297\/revisions"}],"predecessor-version":[{"id":48298,"href":"https:\/\/www.conselharan.org\/es\/wp-json\/wp\/v2\/posts\/48297\/revisions\/48298"}],"wp:featuredmedia":[{"embeddable":true,"href":"https:\/\/www.conselharan.org\/es\/wp-json\/wp\/v2\/media\/48294"}],"wp:attachment":[{"href":"https:\/\/www.conselharan.org\/es\/wp-json\/wp\/v2\/media?parent=48297"}],"wp:term":[{"taxonomy":"category","embeddable":true,"href":"https:\/\/www.conselharan.org\/es\/wp-json\/wp\/v2\/categories?post=48297"},{"taxonomy":"post_tag","embeddable":true,"href":"https:\/\/www.conselharan.org\/es\/wp-json\/wp\/v2\/tags?post=48297"}],"curies":[{"name":"wp","href":"https:\/\/api.w.org\/{rel}","templated":true}]}}