{"id":48363,"date":"2022-05-11T11:13:06","date_gmt":"2022-05-11T09:13:06","guid":{"rendered":"https:\/\/www.conselharan.org\/era-sindica-daran-repren-es-sues-visites-as-tercons-dera-val-daran\/"},"modified":"2022-05-11T13:31:54","modified_gmt":"2022-05-11T11:31:54","slug":"era-sindica-daran-repren-es-sues-visites-as-tercons-dera-val-daran","status":"publish","type":"post","link":"https:\/\/www.conselharan.org\/es\/era-sindica-daran-repren-es-sues-visites-as-tercons-dera-val-daran\/","title":{"rendered":"La s\u00edndica de Aran retoma sus visitas a los ter\u00e7ons de la Val d\u2019Aran"},"content":{"rendered":"<p><a href=\"https:\/\/www.conselharan.org\/wp-content\/uploads\/2022\/05\/Castie\u0300ro_Esp.png\"><img loading=\"lazy\" decoding=\"async\" class=\"aligncenter wp-image-48364 size-large\" src=\"https:\/\/www.conselharan.org\/wp-content\/uploads\/2022\/05\/Castie\u0300ro_Esp-819x1024.png\" alt=\"\" width=\"819\" height=\"1024\" srcset=\"https:\/\/www.conselharan.org\/wp-content\/uploads\/2022\/05\/Castie\u0300ro_Esp-819x1024.png 819w, https:\/\/www.conselharan.org\/wp-content\/uploads\/2022\/05\/Castie\u0300ro_Esp-240x300.png 240w, https:\/\/www.conselharan.org\/wp-content\/uploads\/2022\/05\/Castie\u0300ro_Esp-768x960.png 768w, https:\/\/www.conselharan.org\/wp-content\/uploads\/2022\/05\/Castie\u0300ro_Esp.png 1080w\" sizes=\"(max-width: 819px) 100vw, 819px\" \/><\/a><\/p>\n<ul>\n<li>\n<h3><strong>Durante esta ronda de visitas, que se llev\u00f3 a cabo por primera vez el oto\u00f1o pasado, la s\u00edndica se reunir\u00e1 con los alcaldes y alcaldesas de cada ter\u00e7on y se entrevistar\u00e1 con la ciudadan\u00eda que, bajo cita previa, quiera reunirse con ella y con los consejeros y consejeras del gobierno en cada ter\u00e7on para plantearles los asuntos que consideren oportunos<\/strong><\/h3>\n<\/li>\n<li>\n<h3><strong>Esta iniciativa responde a la voluntad del gobierno del Conselh Generau d\u2019Aran de potenciar la proximidad y la comunicaci\u00f3n bidireccional con la ciudadan\u00eda aranesa<\/strong><\/h3>\n<\/li>\n<\/ul>\n<p>La s\u00edndica de Aran, Maria Verg\u00e9s, acompa\u00f1ada por los consejeros y consejeras del gobierno en cada ter\u00e7on, iniciar\u00e1 la pr\u00f3xima semana una nueva ronda de visitas a los distintos ter\u00e7ons de la Val d\u2019Aran para reunirse con los alcaldes y alcaldesas, recibir a la ciudadan\u00eda que tenga alg\u00fan asunto a exponer y conocer as\u00ed de primera mano las necesidades de cada lugar.<\/p>\n<p>\u201cEstas visitas, que ya realizamos el pasado oto\u00f1o por primera vez, responden a la voluntad del gobierno del Conselh Generau de potenciar la proximidad con la ciudadan\u00eda aranesa, conscientes de que la transparencia y la comunicaci\u00f3n son cuestiones claves para, por un lado, dar a conocer el trabajo que el gobierno de Aran lleva a cabo y, por el otro, recibir las opiniones y preocupaciones de nuestros vecinos y vecinas\u201d, explicaba la s\u00edndica de Aran.<\/p>\n<p>El pr\u00f3ximo mi\u00e9rcoles, 18 de mayo, la s\u00edndica visitar\u00e1 el ter\u00e7on de Casti\u00e8ro. Las personas que quieran reunirse con ella y los consejeros del gobierno, podr\u00e1n solicitar una cita enviando un email a <a href=\"mailto:sindicatura@aran.org\">sindicatura@aran.org<\/a> o llamando al 973 64 18 01.<\/p>\n ","protected":false},"excerpt":{"rendered":"<p>Durante esta ronda de visitas, que se llev\u00f3 a cabo por primera vez el oto\u00f1o pasado, la s\u00edndica se reunir\u00e1 con los alcaldes y alcaldesas de cada ter\u00e7on y se entrevistar\u00e1 con la ciudadan\u00eda que, bajo cita previa, quiera reunirse con ella y con los consejeros y consejeras del gobierno en cada ter\u00e7on para plantearles&#8230;<\/p>\n","protected":false},"author":10,"featured_media":48364,"comment_status":"closed","ping_status":"closed","sticky":false,"template":"","format":"standard","meta":{"footnotes":""},"categories":[52],"tags":[],"_links":{"self":[{"href":"https:\/\/www.conselharan.org\/es\/wp-json\/wp\/v2\/posts\/48363"}],"collection":[{"href":"https:\/\/www.conselharan.org\/es\/wp-json\/wp\/v2\/posts"}],"about":[{"href":"https:\/\/www.conselharan.org\/es\/wp-json\/wp\/v2\/types\/post"}],"author":[{"embeddable":true,"href":"https:\/\/www.conselharan.org\/es\/wp-json\/wp\/v2\/users\/10"}],"replies":[{"embeddable":true,"href":"https:\/\/www.conselharan.org\/es\/wp-json\/wp\/v2\/comments?post=48363"}],"version-history":[{"count":3,"href":"https:\/\/www.conselharan.org\/es\/wp-json\/wp\/v2\/posts\/48363\/revisions"}],"predecessor-version":[{"id":48375,"href":"https:\/\/www.conselharan.org\/es\/wp-json\/wp\/v2\/posts\/48363\/revisions\/48375"}],"wp:featuredmedia":[{"embeddable":true,"href":"https:\/\/www.conselharan.org\/es\/wp-json\/wp\/v2\/media\/48364"}],"wp:attachment":[{"href":"https:\/\/www.conselharan.org\/es\/wp-json\/wp\/v2\/media?parent=48363"}],"wp:term":[{"taxonomy":"category","embeddable":true,"href":"https:\/\/www.conselharan.org\/es\/wp-json\/wp\/v2\/categories?post=48363"},{"taxonomy":"post_tag","embeddable":true,"href":"https:\/\/www.conselharan.org\/es\/wp-json\/wp\/v2\/tags?post=48363"}],"curies":[{"name":"wp","href":"https:\/\/api.w.org\/{rel}","templated":true}]}}