{"id":48481,"date":"2022-05-19T15:33:46","date_gmt":"2022-05-19T13:33:46","guid":{"rendered":"https:\/\/www.conselharan.org\/?p=48481"},"modified":"2022-05-19T15:33:59","modified_gmt":"2022-05-19T13:33:59","slug":"el-conselh-generau-daran-declara-la-iglesia-de-san-juan-de-arties-como-bien-cultural-de-interes-local","status":"publish","type":"post","link":"https:\/\/www.conselharan.org\/es\/el-conselh-generau-daran-declara-la-iglesia-de-san-juan-de-arties-como-bien-cultural-de-interes-local\/","title":{"rendered":"El Conselh Generau d\u2019Aran declara la Iglesia de San Juan de Arties como Bien Cultural de Inter\u00e9s Local"},"content":{"rendered":"<p><strong>\u2022 Con esta declaraci\u00f3n como BCIL, el gobierno de Aran dota a este monumento de una protecci\u00f3n especial por su valor hist\u00f3rico y patrimonial<\/strong><\/p>\n<p>&nbsp;<\/p>\n<p><a href=\"https:\/\/www.conselharan.org\/es\/el-conselh-generau-daran-declara-la-iglesia-de-san-juan-de-arties-como-bien-cultural-de-interes-local\/plen-130522-2\/\" rel=\"attachment wp-att-48475\"><img loading=\"lazy\" decoding=\"async\" class=\"aligncenter size-large wp-image-48475\" src=\"https:\/\/www.conselharan.org\/wp-content\/uploads\/2022\/05\/Plen-130522-1024x768.jpg\" alt=\"\" width=\"1024\" height=\"768\" srcset=\"https:\/\/www.conselharan.org\/wp-content\/uploads\/2022\/05\/Plen-130522-1024x768.jpg 1024w, https:\/\/www.conselharan.org\/wp-content\/uploads\/2022\/05\/Plen-130522-300x225.jpg 300w, https:\/\/www.conselharan.org\/wp-content\/uploads\/2022\/05\/Plen-130522-768x576.jpg 768w, https:\/\/www.conselharan.org\/wp-content\/uploads\/2022\/05\/Plen-130522-1536x1152.jpg 1536w, https:\/\/www.conselharan.org\/wp-content\/uploads\/2022\/05\/Plen-130522-2048x1536.jpg 2048w\" sizes=\"(max-width: 1024px) 100vw, 1024px\" \/><\/a><\/p>\n<p>&nbsp;<\/p>\n<p>El Pleno del Conselh Generau d\u2019Aran ha aprobado inicialmente esta ma\u00f1ana, durante la celebraci\u00f3n de su sesi\u00f3n ordinaria, la declaraci\u00f3n y catalogaci\u00f3n de la Iglesia de San Juan de Arties como Bien Cultural de Inter\u00e9s Local, dot\u00e1ndola as\u00ed de una protecci\u00f3n especial por su valor hist\u00f3rico y patrimonial.<\/p>\n<p>\u201cDel gobierno de Aran ac\u00e1 somos conscientes del valor hist\u00f3rico, patrimonial, cultural y de identidad que tienen los monumentos y conjuntos hist\u00f3ricos de nuestro territorio, y es nuestra voluntad darles la m\u00e1xima protecci\u00f3n para evitar que se deterioren con el tiempo\u201d, explicaba la s\u00edndica de Aran, Maria Verg\u00e9s, a\u00f1adiendo que: \u201cCon la catalogaci\u00f3n como BCIL de la iglesia de San Juan, conseguimos la obligaci\u00f3n por parte de las administraciones de invertir recursos para su preservaci\u00f3n, garantizando as\u00ed el cuidado a nuestro patrimonio y nuestra cultura, que son uno de los grandes tesoros de la Val d\u2019Aran\u201d<\/p>\n<p>Durante el Pleno celebrado esta ma\u00f1ana en la Casa del Se\u00f1or de Arr\u00f2s, se ha procedido tambi\u00e9n a la aprobaci\u00f3n inicial del Reglamento de Honores y Distinciones del Conselh Generau d\u2019Aran, despu\u00e9s de que en 1993 se aprobara un reglamento regulador de este tipo de galardones que, finalmente, no lleg\u00f3 para ser aprobado de forma definitiva.<\/p>\n<p>En este sentido, la s\u00edndica de Aran afirmaba que: \u201cEl reconocimiento p\u00fablico y solemne de las acciones y trayectorias meritorias de las personas, de los comportamientos o actuaciones m\u00e1s directamente relacionadas a los principios, valores y \u00e9tica que tienen que regir toda sociedad democr\u00e1tica, igualitaria y desarrollada, es un deber para cualquier administraci\u00f3n p\u00fablica\u201d y a\u00f1ad\u00eda que: \u201cEl Conselh Generau d\u2019Aran, a trav\u00e9s de este reglamento, asume como propio este deber con el convencimiento que su cumplimiento beneficia, no s\u00f3lo a las personas e instituciones galardonadas, si no tambi\u00e9n, y principalmente, a la propia sociedad aranesa con cualquier nombre se honra a las mismas, ya que el reconocimiento solemne de los m\u00e9ritos adquiridos a trav\u00e9s de los actos a favor de la Val d\u2019Aran y su gente, refuerza la identidad aranesa a la vez que la convierte en integradora y en el elemento de cohesi\u00f3n social\u201d.<\/p>\n<p>&nbsp;<\/p>\n<p>&nbsp;<\/p>\n<p>&nbsp;<\/p>\n<p><em>Vielha, 19 de mayo de 2022<\/em><\/p>\n ","protected":false},"excerpt":{"rendered":"<p>\u2022 Con esta declaraci\u00f3n como BCIL, el gobierno de Aran dota a este monumento de una protecci\u00f3n especial por su valor hist\u00f3rico y patrimonial &nbsp; &nbsp; El Pleno del Conselh Generau d\u2019Aran ha aprobado inicialmente esta ma\u00f1ana, durante la celebraci\u00f3n de su sesi\u00f3n ordinaria, la declaraci\u00f3n y catalogaci\u00f3n de la Iglesia de San Juan de&#8230;<\/p>\n","protected":false},"author":2,"featured_media":48475,"comment_status":"closed","ping_status":"closed","sticky":false,"template":"","format":"standard","meta":{"footnotes":""},"categories":[795,34],"tags":[],"_links":{"self":[{"href":"https:\/\/www.conselharan.org\/es\/wp-json\/wp\/v2\/posts\/48481"}],"collection":[{"href":"https:\/\/www.conselharan.org\/es\/wp-json\/wp\/v2\/posts"}],"about":[{"href":"https:\/\/www.conselharan.org\/es\/wp-json\/wp\/v2\/types\/post"}],"author":[{"embeddable":true,"href":"https:\/\/www.conselharan.org\/es\/wp-json\/wp\/v2\/users\/2"}],"replies":[{"embeddable":true,"href":"https:\/\/www.conselharan.org\/es\/wp-json\/wp\/v2\/comments?post=48481"}],"version-history":[{"count":2,"href":"https:\/\/www.conselharan.org\/es\/wp-json\/wp\/v2\/posts\/48481\/revisions"}],"predecessor-version":[{"id":48483,"href":"https:\/\/www.conselharan.org\/es\/wp-json\/wp\/v2\/posts\/48481\/revisions\/48483"}],"wp:featuredmedia":[{"embeddable":true,"href":"https:\/\/www.conselharan.org\/es\/wp-json\/wp\/v2\/media\/48475"}],"wp:attachment":[{"href":"https:\/\/www.conselharan.org\/es\/wp-json\/wp\/v2\/media?parent=48481"}],"wp:term":[{"taxonomy":"category","embeddable":true,"href":"https:\/\/www.conselharan.org\/es\/wp-json\/wp\/v2\/categories?post=48481"},{"taxonomy":"post_tag","embeddable":true,"href":"https:\/\/www.conselharan.org\/es\/wp-json\/wp\/v2\/tags?post=48481"}],"curies":[{"name":"wp","href":"https:\/\/api.w.org\/{rel}","templated":true}]}}