{"id":48674,"date":"2022-05-31T13:54:34","date_gmt":"2022-05-31T11:54:34","guid":{"rendered":"https:\/\/www.conselharan.org\/eth-conselh-generau-daran-cerque-solucions-viables-ara-residencia-sant-joan-de-les\/"},"modified":"2022-05-31T13:56:36","modified_gmt":"2022-05-31T11:56:36","slug":"eth-conselh-generau-daran-cerque-solucions-viables-ara-residencia-sant-joan-de-les","status":"publish","type":"post","link":"https:\/\/www.conselharan.org\/es\/eth-conselh-generau-daran-cerque-solucions-viables-ara-residencia-sant-joan-de-les\/","title":{"rendered":"El Conselh Generau d\u2019Aran busca soluciones viables a la Residencia Sant Joan de Les"},"content":{"rendered":"<p><a href=\"https:\/\/www.conselharan.org\/wp-content\/uploads\/2022\/05\/Image-2022-05-31-at-10.51.43-AM-1.jpeg\"><img loading=\"lazy\" decoding=\"async\" class=\"aligncenter wp-image-48666 size-full\" src=\"https:\/\/www.conselharan.org\/wp-content\/uploads\/2022\/05\/Image-2022-05-31-at-10.51.43-AM-1.jpeg\" alt=\"\" width=\"1024\" height=\"768\" srcset=\"https:\/\/www.conselharan.org\/wp-content\/uploads\/2022\/05\/Image-2022-05-31-at-10.51.43-AM-1.jpeg 1024w, https:\/\/www.conselharan.org\/wp-content\/uploads\/2022\/05\/Image-2022-05-31-at-10.51.43-AM-1-300x225.jpeg 300w, https:\/\/www.conselharan.org\/wp-content\/uploads\/2022\/05\/Image-2022-05-31-at-10.51.43-AM-1-768x576.jpeg 768w\" sizes=\"(max-width: 1024px) 100vw, 1024px\" \/><\/a><\/p>\n<ul>\n<li>\n<h3><strong>La construcci\u00f3n de este equipamiento, iniciada en la pasada legislatura, se impuls\u00f3 sin contar con ning\u00fan estudio de viabilidad t\u00e9cnica ni econ\u00f3mica, hecho que, junto con el impacto de la COVID-19, han imposibilitado su apertura<\/strong><\/h3>\n<\/li>\n<li>\n<h3><strong>Actualmente, el Conselh Generau d\u2019Aran estudia posibles soluciones para que la Residencia Sant Joan se adapte a las necesidades reales del territorio y de su gente mayor y que se pueda poner en funcionamiento lo antes posible de forma sostenible econ\u00f3mica y socialmente<\/strong><\/h3>\n<\/li>\n<\/ul>\n<p>La s\u00edndica de Aran, Maria Verg\u00e9s, acompa\u00f1ada por los responsables de Aran Salut y el Servicio Aran\u00e9s de Bienestar y Salud, ha visitado esta ma\u00f1ana la Residencia Sant Joan de les, equipamiento para el que el gobierno de Aran busca soluciones viables ante las problem\u00e1ticas que presenta.<\/p>\n<p>El gobierno del Conselh Generau d\u2019Aran ya hab\u00eda visitado por primera vez este equipamiento en julio de 2019, para conocer su estado y poder valorar su apertura. Sin embargo, durante todo este tiempo, adem\u00e1s de los retrasos en la ejecuci\u00f3n de la obra y los inconvenientes provocados por la pandemia, ha habido que esperar a las \u00faltimas autorizaciones administrativas para poder dar la obra por entregada, que han llegado estos \u00faltimos d\u00edas.<\/p>\n<p>\u201cDurante la pasada legislatura, de 2015 a 2019, el Conselh Generau d\u2019Aran inici\u00f3 el proyecto de construcci\u00f3n de la Residencia Sant Joan de Les para la gente mayor, pero este proyecto no contaba con ning\u00fan estudio de viabilidad t\u00e9cnica ni econ\u00f3mica que tuviera en cuenta las necesidades reales del territorio en este \u00e1mbito\u201d explicaba la s\u00edndica, a\u00f1adiendo que: \u201cel coste de la obra (2.415.000 \u20ac) fue financiado \u00edntegramente por el Conselh Generau d\u2019Aran y no s\u00e9 cont\u00f3 con partida presupuestaria para equipamiento y mobiliario\u201d.<\/p>\n<p>La residencia cuenta actualmente con 60 plazas y la posibilidad de un convenio con la Generalitat de Catalunya para la cofinanciaci\u00f3n de las plazas concertadas. Sin embargo, de acuerdo con lo que establece la OMS respecto al n\u00famero de plazas de residencia cada 100 habitantes mayores de 65 a\u00f1os, la Val d\u2019Aran presenta un ratio de 3,1, mientras que el valor aconsejado de cobertura es de 5. Por lo tanto, esto supone una necesidad de 72 plazas que, con las 44 ya existentes en la Residencia Sant Ant\u00f2ni de Vielha, nos deja con un d\u00e9ficit te\u00f3rico en Aran de 28 plazas.<\/p>\n<p>El actual gobierno del Conselh Generau d\u2019Aran encarg\u00f3 un estudio de viabilidad econ\u00f3mica de este equipamiento a Camon Consulting Group SL. Este estudio planteaba 18 escenarios diferenciados que contemplaban tanto una modalidad de gesti\u00f3n directa a trav\u00e9s del SABS como una externalizaci\u00f3n del servicio, con la apertura de la residencia con centro de d\u00eda o sin \u00e9l y con distintos niveles de ocupaci\u00f3n.<\/p>\n<p>De todos los escenarios planteados, ninguno de ellos preve\u00eda un resultado econ\u00f3mico positivo por lo que hace a la gesti\u00f3n de la Residencia Sant Joan, con p\u00e9rdidas que fluct\u00faan entre los 340.000 \u20ac y los 40.000 \u20ac, en funci\u00f3n del tipo de gesti\u00f3n.<\/p>\n<p>La m\u00e1xima instituci\u00f3n aranesa recibe, por parte de la Generalitat de Catalunya, un total de 1.906.853 \u20ac para atenci\u00f3n social, repartidos en:<\/p>\n<ul>\n<li>Residencia St Ant\u00f2ni de Vielha: 1.379.437 \u20ac<\/li>\n<li>Servicios de Atenci\u00f3n Primaria: 261.903 \u20ac<\/li>\n<li>Centro Ocupacional: 124.729 \u20ac<\/li>\n<li>Aatenci\u00f3n Precoz: 56.238 \u20ac<\/li>\n<li>Transporte adaptado: 32.143 \u20ac<\/li>\n<li>SIAH: 30.095 \u20ac<\/li>\n<li>Atenci\u00f3n domiciliaria: 19.728 \u20ac<\/li>\n<li>Violencia de g\u00e9nero: 2.577 \u20ac<\/li>\n<\/ul>\n<p>Esta cifra nos sit\u00faa como el territorio del Pirineo con la inversi\u00f3n en atenci\u00f3n social m\u00e1s baja por parte de la Generalitat.<\/p>\n<p><a href=\"https:\/\/www.conselharan.org\/wp-content\/uploads\/2022\/05\/4364-\u20ac.png\"><img loading=\"lazy\" decoding=\"async\" class=\"aligncenter wp-image-48669 size-medium\" src=\"https:\/\/www.conselharan.org\/wp-content\/uploads\/2022\/05\/4364-\u20ac-300x300.png\" alt=\"\" width=\"300\" height=\"300\" srcset=\"https:\/\/www.conselharan.org\/wp-content\/uploads\/2022\/05\/4364-\u20ac-300x300.png 300w, https:\/\/www.conselharan.org\/wp-content\/uploads\/2022\/05\/4364-\u20ac-1024x1024.png 1024w, https:\/\/www.conselharan.org\/wp-content\/uploads\/2022\/05\/4364-\u20ac-150x150.png 150w, https:\/\/www.conselharan.org\/wp-content\/uploads\/2022\/05\/4364-\u20ac-768x768.png 768w, https:\/\/www.conselharan.org\/wp-content\/uploads\/2022\/05\/4364-\u20ac-270x270.png 270w, https:\/\/www.conselharan.org\/wp-content\/uploads\/2022\/05\/4364-\u20ac-207x207.png 207w, https:\/\/www.conselharan.org\/wp-content\/uploads\/2022\/05\/4364-\u20ac-75x75.png 75w, https:\/\/www.conselharan.org\/wp-content\/uploads\/2022\/05\/4364-\u20ac.png 1080w\" sizes=\"(max-width: 300px) 100vw, 300px\" \/><\/a><\/p>\n<p>Ante estos datos, por lo tanto, el Conselh Generau d\u2019Aran, hoy en d\u00eda, no tiene la capacidad financiera para asumir la gesti\u00f3n de este equipamiento.<\/p>\n<p>\u201cLa realidad social y demogr\u00e1fica de nuestro territorio es compleja, dos de cada tres personas mayores de 75 a\u00f1os no tienen ning\u00fan expediente abierto en los Servicios Sociales de Atenci\u00f3n Primaria, lo que demuestro que no conocemos sus preferencias sobre c\u00f3mo y d\u00f3nde quieren ser cuidadas, ni conocemos si su voluntad pasa por escoger un recurso residencial\u201d, manifestaba la s\u00edndica de Aran, que a\u00f1ad\u00eda que \u201ces por este motivo que el actual gobierno del Conselh Generau ha impulsado el Servicio de Atenci\u00f3n en el entorno Domiciliario (SAeD), que entendemos como un recurso esencial para el territorio, mientras estudiamos cu\u00e1l es el modelo de atenci\u00f3n a la gente mayor que queremos para nuestro pa\u00eds, un modelo que tiene que tener en cuenta sus preferencias y necesidades y que tiene que ajustarse a la realidad de nuestro territorio\u201d<\/p>\n<p>Ante esta situaci\u00f3n, el gobierno del Conselh Generau\u00a0 d\u2019Aran, a trav\u00e9s de los servicios de Aran Salut, trabaja para actualizar y ajustar la gesti\u00f3n de la Residencia Sant Joan para que, con financiaci\u00f3n europea y de la Generalitat, se convierta en un servicio de atenci\u00f3n a la ciudadan\u00eda, que pueda incluir plazas de residencia pero que tambi\u00e9n incluya servicios de atenci\u00f3n a la discapacidad, entre otros, para convertirse en un centro integral de atenci\u00f3n a las personas y que contemple las necesidades de futuro de la ciudadan\u00eda aranesa en todas sus etapas vitales.<\/p>\n ","protected":false},"excerpt":{"rendered":"<p>La construcci\u00f3n de este equipamiento, iniciada en la pasada legislatura, se impuls\u00f3 sin contar con ning\u00fan estudio de viabilidad t\u00e9cnica ni econ\u00f3mica, hecho que, junto con el impacto de la COVID-19, han imposibilitado su apertura Actualmente, el Conselh Generau d\u2019Aran estudia posibles soluciones para que la Residencia Sant Joan se adapte a las necesidades reales&#8230;<\/p>\n","protected":false},"author":10,"featured_media":48668,"comment_status":"closed","ping_status":"closed","sticky":false,"template":"","format":"standard","meta":{"footnotes":""},"categories":[52],"tags":[],"_links":{"self":[{"href":"https:\/\/www.conselharan.org\/es\/wp-json\/wp\/v2\/posts\/48674"}],"collection":[{"href":"https:\/\/www.conselharan.org\/es\/wp-json\/wp\/v2\/posts"}],"about":[{"href":"https:\/\/www.conselharan.org\/es\/wp-json\/wp\/v2\/types\/post"}],"author":[{"embeddable":true,"href":"https:\/\/www.conselharan.org\/es\/wp-json\/wp\/v2\/users\/10"}],"replies":[{"embeddable":true,"href":"https:\/\/www.conselharan.org\/es\/wp-json\/wp\/v2\/comments?post=48674"}],"version-history":[{"count":1,"href":"https:\/\/www.conselharan.org\/es\/wp-json\/wp\/v2\/posts\/48674\/revisions"}],"predecessor-version":[{"id":48675,"href":"https:\/\/www.conselharan.org\/es\/wp-json\/wp\/v2\/posts\/48674\/revisions\/48675"}],"wp:featuredmedia":[{"embeddable":true,"href":"https:\/\/www.conselharan.org\/es\/wp-json\/wp\/v2\/media\/48668"}],"wp:attachment":[{"href":"https:\/\/www.conselharan.org\/es\/wp-json\/wp\/v2\/media?parent=48674"}],"wp:term":[{"taxonomy":"category","embeddable":true,"href":"https:\/\/www.conselharan.org\/es\/wp-json\/wp\/v2\/categories?post=48674"},{"taxonomy":"post_tag","embeddable":true,"href":"https:\/\/www.conselharan.org\/es\/wp-json\/wp\/v2\/tags?post=48674"}],"curies":[{"name":"wp","href":"https:\/\/api.w.org\/{rel}","templated":true}]}}