{"id":48734,"date":"2022-06-03T13:59:18","date_gmt":"2022-06-03T11:59:18","guid":{"rendered":"https:\/\/www.conselharan.org\/possible-atac-dos-a-dues-oelhes-en-vilamos\/"},"modified":"2022-06-03T14:00:11","modified_gmt":"2022-06-03T12:00:11","slug":"possible-atac-dos-a-dues-oelhes-en-vilamos","status":"publish","type":"post","link":"https:\/\/www.conselharan.org\/es\/possible-atac-dos-a-dues-oelhes-en-vilamos\/","title":{"rendered":"Posible ataque de oso a dos ovejas en Vilam\u00f2s"},"content":{"rendered":"<p><a href=\"https:\/\/www.conselharan.org\/wp-content\/uploads\/2022\/04\/IMAG0075-scaled.jpg\"><img loading=\"lazy\" decoding=\"async\" class=\"aligncenter wp-image-47934 size-large\" src=\"https:\/\/www.conselharan.org\/wp-content\/uploads\/2022\/04\/IMAG0075-1024x747.jpg\" alt=\"\" width=\"1024\" height=\"747\" srcset=\"https:\/\/www.conselharan.org\/wp-content\/uploads\/2022\/04\/IMAG0075-1024x747.jpg 1024w, https:\/\/www.conselharan.org\/wp-content\/uploads\/2022\/04\/IMAG0075-300x219.jpg 300w, https:\/\/www.conselharan.org\/wp-content\/uploads\/2022\/04\/IMAG0075-768x560.jpg 768w, https:\/\/www.conselharan.org\/wp-content\/uploads\/2022\/04\/IMAG0075-1536x1120.jpg 1536w, https:\/\/www.conselharan.org\/wp-content\/uploads\/2022\/04\/IMAG0075-2048x1494.jpg 2048w\" sizes=\"(max-width: 1024px) 100vw, 1024px\" \/><\/a><\/p>\n<h6>Imatge d&#8217;archiu.<\/h6>\n<ul>\n<li>\n<h3><strong>Los cad\u00e1veres de las ovejas han sido localizados esta ma\u00f1ana en la zona de Sant Miqu\u00e8u de Vilam\u00f2s, donde los Agentes de Medio Ambiente del Conselh Generau d\u2019Aran han encontrado indicios que apuntaban a un presunto ataque de oso<\/strong><\/h3>\n<\/li>\n<\/ul>\n<p>Esta ma\u00f1ana, el cuerpo de Agentes de Medio Ambiente del Conselh Generau d\u2019Aran ha recibido el aviso de un ganadero sobre un posible ataque de oso a dos ovejas en la zona de Sant Miqu\u00e8u de Vilam\u00f2s.<\/p>\n<p>El reba\u00f1o se encontraba protegido por ocho perros mastines (6 adultos y 2 j\u00f3venes) y una malla electrificada. A\u00fan as\u00ed, los \u00a0Agentes de Medio Ambiente han encontrado indicios de oso en la zona, que apuntan a un presunto ataque.<\/p>\n ","protected":false},"excerpt":{"rendered":"<p>Imatge d&#8217;archiu. Los cad\u00e1veres de las ovejas han sido localizados esta ma\u00f1ana en la zona de Sant Miqu\u00e8u de Vilam\u00f2s, donde los Agentes de Medio Ambiente del Conselh Generau d\u2019Aran han encontrado indicios que apuntaban a un presunto ataque de oso Esta ma\u00f1ana, el cuerpo de Agentes de Medio Ambiente del Conselh Generau d\u2019Aran ha&#8230;<\/p>\n","protected":false},"author":10,"featured_media":47936,"comment_status":"closed","ping_status":"closed","sticky":false,"template":"","format":"standard","meta":{"footnotes":""},"categories":[126,34],"tags":[],"_links":{"self":[{"href":"https:\/\/www.conselharan.org\/es\/wp-json\/wp\/v2\/posts\/48734"}],"collection":[{"href":"https:\/\/www.conselharan.org\/es\/wp-json\/wp\/v2\/posts"}],"about":[{"href":"https:\/\/www.conselharan.org\/es\/wp-json\/wp\/v2\/types\/post"}],"author":[{"embeddable":true,"href":"https:\/\/www.conselharan.org\/es\/wp-json\/wp\/v2\/users\/10"}],"replies":[{"embeddable":true,"href":"https:\/\/www.conselharan.org\/es\/wp-json\/wp\/v2\/comments?post=48734"}],"version-history":[{"count":1,"href":"https:\/\/www.conselharan.org\/es\/wp-json\/wp\/v2\/posts\/48734\/revisions"}],"predecessor-version":[{"id":48735,"href":"https:\/\/www.conselharan.org\/es\/wp-json\/wp\/v2\/posts\/48734\/revisions\/48735"}],"wp:featuredmedia":[{"embeddable":true,"href":"https:\/\/www.conselharan.org\/es\/wp-json\/wp\/v2\/media\/47936"}],"wp:attachment":[{"href":"https:\/\/www.conselharan.org\/es\/wp-json\/wp\/v2\/media?parent=48734"}],"wp:term":[{"taxonomy":"category","embeddable":true,"href":"https:\/\/www.conselharan.org\/es\/wp-json\/wp\/v2\/categories?post=48734"},{"taxonomy":"post_tag","embeddable":true,"href":"https:\/\/www.conselharan.org\/es\/wp-json\/wp\/v2\/tags?post=48734"}],"curies":[{"name":"wp","href":"https:\/\/api.w.org\/{rel}","templated":true}]}}