{"id":48749,"date":"2022-06-04T09:12:10","date_gmt":"2022-06-04T07:12:10","guid":{"rendered":"https:\/\/www.conselharan.org\/eth-conselh-generau-daran-celebrara-era-hesta-daran-damb-diuersi-actes-ath-long-dera-setmana\/"},"modified":"2022-06-04T09:15:16","modified_gmt":"2022-06-04T07:15:16","slug":"eth-conselh-generau-daran-celebrara-era-hesta-daran-damb-diuersi-actes-ath-long-dera-setmana","status":"publish","type":"post","link":"https:\/\/www.conselharan.org\/es\/eth-conselh-generau-daran-celebrara-era-hesta-daran-damb-diuersi-actes-ath-long-dera-setmana\/","title":{"rendered":"Eth Conselh Generau d\u2019Aran celebrar\u00e0 era H\u00e8sta d\u2019Aran damb diu\u00e8rsi actes ath long dera setmana"},"content":{"rendered":"<p>&nbsp;<\/p>\n<ul>\n<li>\n<h3><strong>Era pr\u00f2pl\u00e8u setmana, eth Conselh Generau d\u2019Aran convocar\u00e0 un Plen extraordinari ent\u00e0 anonciar er autrejament dera Medalha d\u2019Aunor deth Conselh e era resolucion deth liurament des Pr\u00e8mis 17 de junh d\u2019enguan<\/strong><\/h3>\n<\/li>\n<\/ul>\n<p>Eth gov\u00e8rn deth Conselh Generau d\u2019Aran a premanit ua s\u00e8rie d\u2019actes ent\u00e0 celebrar era H\u00e8sta d\u2019Aran eth 17 de junh, en tot recuperar atau era normalitat demp\u00fas de dus ans d\u2019actes condicionadi pera situacion sanit\u00e0ria.<\/p>\n<p>\u201cDeth gov\u00e8rn deth Conselh Generau d\u2019Aran en\u00e7\u00e0 auem er objectiu de m\u00e9ter en valor un dia tant important entara Val d\u2019Aran coma ei eth 17 de junh, que commem\u00f2re era recuperacion dera maxima institucion aranesa e deth n\u00f2ste autogov\u00e8rn, e apropar era H\u00e8sta d\u2019Aran ara n\u00f2sta ciutadania, en tot h\u00e8r-les part\u00edceps e que se poguen s\u00e8nter identifiadi e ligadi ara H\u00e8sta d\u2019Aran\u201d explicaue era sindica d\u2019Aran, Maria Verg\u00e9s, en tot h\u00edger que: \u201caguesta a estat tostemp era n\u00f2sta volentat m\u00e8s, pr\u2019amor dera Covid, non au\u00edem podut aufrir un programa d\u2019activitats m\u00e8s extens enquiara\u201d.<\/p>\n<p>Eth 15 de junh, ent\u00e0s 18 ores, aur\u00e0 l\u00f2c era inauguracion dera Sala de Contr\u00f2le d\u2019Aran (bastissa CEI de Casau) e eth pla\u00e7ament d\u2019ua placa commemorativa a Joan Canalias pr\u2019amor des s\u00f2ns ans de servici en c\u00f2s de Pompi\u00e8rs d\u2019Aran.<\/p>\n<p>Eth dia 16 s\u2019amiar\u00e0 a t\u00e8rme er acte d\u2019autrejament des Pr\u00e8mis 17 de junh e des pr\u00e8mis literaris ena Gl\u00e8isa de Mijaran.<\/p>\n<p>Eth dia 17 de junh, en maitin, s\u2019amiar\u00e0 a t\u00e8rme er acte institucionau dera H\u00e8sta d\u2019Aran, en tot amiar a t\u00e8rme t\u00e0s 11 ores era recepcion per part dera sindica d\u2019Aran as autoritats e convidadi ena seden\u00e7a deth Conselh Generau d\u2019Aran ent\u00e0, t\u00e0s 11:30. Iniciar era tradicionau desfilada de pendons amiadi pes representants de cada ter\u00e7on enquiara Gl\u00e8isa de Mijaran. Un c\u00f2p aquiu, ent\u00e0s 12:00, aur\u00e0 l\u00f2c er acte institucionau enes ro\u00efnes deth Santuari de Mijaran.<\/p>\n<p>Ena tarde, ent\u00e0s 17 ores aur\u00e0 l\u00f2c er espectacle familhar \u201cPell de gallina\u201d, a cargue dera companhia Sac d\u2019Espectacles, ena Pla\u00e7a d\u2019Aran, t\u00e0s 18 ores i aur\u00e0 ua exibicion de quilhes a cargue dera Associacion de Quilhes de Tred\u00f2s deuant dera Sala Polivalenta de Vielha e, ent\u00e0 finalizar, t\u00e0s 19 ores i aur\u00e0 un conc\u00e8rt deth grop SongAran ena Pla\u00e7a d\u2019Aran.<\/p>\n<p>Atau madeish, eth Mus\u00e8u dera Val d\u2019Aran aufrir\u00e0 jornades de p\u00f2rtes dub\u00e8rtes deth dimars 14 enquia dimenge 19 de junh en orari de 10 a 13:30 e de 17 a 18 ores (e en orari de maitin sonque eth dimenge), e er Archiu Generau d\u2019Aran aufrir\u00e0 visites guidades ara Casa deth Senhor d\u2019Arr\u00f2s e eth Petit Mus\u00e8u dera Esc\u00f2la d\u2019Arr\u00f2s.<\/p>\n ","protected":false},"excerpt":{"rendered":"<p>&nbsp; Era pr\u00f2pl\u00e8u setmana, eth Conselh Generau d\u2019Aran convocar\u00e0 un Plen extraordinari ent\u00e0 anonciar er autrejament dera Medalha d\u2019Aunor deth Conselh e era resolucion deth liurament des Pr\u00e8mis 17 de junh d\u2019enguan Eth gov\u00e8rn deth Conselh Generau d\u2019Aran a premanit ua s\u00e8rie d\u2019actes ent\u00e0 celebrar era H\u00e8sta d\u2019Aran eth 17 de junh, en tot recuperar&#8230;<\/p>\n","protected":false},"author":10,"featured_media":48750,"comment_status":"closed","ping_status":"closed","sticky":false,"template":"","format":"standard","meta":{"footnotes":""},"categories":[52],"tags":[],"_links":{"self":[{"href":"https:\/\/www.conselharan.org\/es\/wp-json\/wp\/v2\/posts\/48749"}],"collection":[{"href":"https:\/\/www.conselharan.org\/es\/wp-json\/wp\/v2\/posts"}],"about":[{"href":"https:\/\/www.conselharan.org\/es\/wp-json\/wp\/v2\/types\/post"}],"author":[{"embeddable":true,"href":"https:\/\/www.conselharan.org\/es\/wp-json\/wp\/v2\/users\/10"}],"replies":[{"embeddable":true,"href":"https:\/\/www.conselharan.org\/es\/wp-json\/wp\/v2\/comments?post=48749"}],"version-history":[{"count":1,"href":"https:\/\/www.conselharan.org\/es\/wp-json\/wp\/v2\/posts\/48749\/revisions"}],"predecessor-version":[{"id":48751,"href":"https:\/\/www.conselharan.org\/es\/wp-json\/wp\/v2\/posts\/48749\/revisions\/48751"}],"wp:featuredmedia":[{"embeddable":true,"href":"https:\/\/www.conselharan.org\/es\/wp-json\/wp\/v2\/media\/48750"}],"wp:attachment":[{"href":"https:\/\/www.conselharan.org\/es\/wp-json\/wp\/v2\/media?parent=48749"}],"wp:term":[{"taxonomy":"category","embeddable":true,"href":"https:\/\/www.conselharan.org\/es\/wp-json\/wp\/v2\/categories?post=48749"},{"taxonomy":"post_tag","embeddable":true,"href":"https:\/\/www.conselharan.org\/es\/wp-json\/wp\/v2\/tags?post=48749"}],"curies":[{"name":"wp","href":"https:\/\/api.w.org\/{rel}","templated":true}]}}