{"id":48792,"date":"2022-06-08T14:37:51","date_gmt":"2022-06-08T12:37:51","guid":{"rendered":"https:\/\/www.conselharan.org\/eth-conselh-generau-daran-place-naues-antenes-ta-ampliar-era-cobertura-lora-entath-suport-ara-ramaderia\/"},"modified":"2022-06-08T14:38:49","modified_gmt":"2022-06-08T12:38:49","slug":"eth-conselh-generau-daran-place-naues-antenes-ta-ampliar-era-cobertura-lora-entath-suport-ara-ramaderia","status":"publish","type":"post","link":"https:\/\/www.conselharan.org\/es\/eth-conselh-generau-daran-place-naues-antenes-ta-ampliar-era-cobertura-lora-entath-suport-ara-ramaderia\/","title":{"rendered":"El Conselh Generau d\u2019Aran ubica nuevas antenas para ampliar la cobertura LORA para el apoyo a la ganader\u00eda"},"content":{"rendered":"<p><a href=\"https:\/\/www.conselharan.org\/wp-content\/uploads\/2022\/06\/WhatsApp-Image-2022-06-08-at-1.32.16-PM.jpeg\"><img loading=\"lazy\" decoding=\"async\" class=\"size-full wp-image-48787 aligncenter\" src=\"https:\/\/www.conselharan.org\/wp-content\/uploads\/2022\/06\/WhatsApp-Image-2022-06-08-at-1.32.16-PM.jpeg\" alt=\"\" width=\"1024\" height=\"768\" srcset=\"https:\/\/www.conselharan.org\/wp-content\/uploads\/2022\/06\/WhatsApp-Image-2022-06-08-at-1.32.16-PM.jpeg 1024w, https:\/\/www.conselharan.org\/wp-content\/uploads\/2022\/06\/WhatsApp-Image-2022-06-08-at-1.32.16-PM-300x225.jpeg 300w, https:\/\/www.conselharan.org\/wp-content\/uploads\/2022\/06\/WhatsApp-Image-2022-06-08-at-1.32.16-PM-768x576.jpeg 768w\" sizes=\"(max-width: 1024px) 100vw, 1024px\" \/><\/a><\/p>\n<ul>\n<li>\n<h3><strong>A las dos antenas ubicadas la pasada primavera, se a\u00f1aden ahora seis m\u00e1s que ampliar\u00e1n la cobertura LORA en Aran, permitiendo hacer frente a la falta de cobertura m\u00f3vil para poder implementar procesos de digitalizaci\u00f3n y ofrecer un nuevo servicio al sector ganadero para permitir un mejor control y gesti\u00f3n de los reba\u00f1os en la monta\u00f1a<\/strong><\/h3>\n<\/li>\n<\/ul>\n<p>El Conselh Generau d\u2019Aran avanza con la implementaci\u00f3n de su proyecto de cobertura LORA para facilitar al sector ganadero la gesti\u00f3n de sus reba\u00f1os en la monta\u00f1a, as\u00ed como hacer nuestro territorio m\u00e1s competitivo a nivel digital y generar un marco de oportunidades a nivel tecnol\u00f3gico.<\/p>\n<p>El Conselh Generau d\u2019Aran ha adquirido nuevas antenas de cobertura LORA que la empresa Arantec ha ubicado ya en la S\u00e8rra d\u2019Arenho (Vilac), en el Cap dera S\u00e8rra (Canejan) y en el Tuc des Neres (Les). Estas nuevas antenas se a\u00f1aden a las ya colocadas en C\u00f2sta Arj\u00e0s y el Mirador de Baqueira, con la colaboraci\u00f3n de Baqueira Beret. Adem\u00e1s, est\u00e1 previsto instalar tres m\u00e1s en Tuca (Betren), Uish\u00e8ra (Vilam\u00f2s) y la Artiga de Lin. Los trabajos de ubicaci\u00f3n de las nuevas antenas han contado con la colaboraci\u00f3n de Pompi\u00e8rs-Emerg\u00e9ncies.<\/p>\n<p>\u201cEl gobierno del Conselh Generau d\u2019Aran quiere llevar a cabo un proceso de digitalizaci\u00f3n e innovaci\u00f3n apostando por aplicar el Internet de las Cosas en diferentes sectores de la Val d\u2019Aran\u201d afirmaba la s\u00edndica de Aran, Maria Verg\u00e9s, a\u00f1adiendo que: \u201cen el caso del sector ganadero, desde el verano pasado, gracias a la implementaci\u00f3n de una prueba piloto para la monitorizaci\u00f3n de la ganader\u00eda extensiva del territorio, las antenas de la red LORA permiten hacer un seguimiento del ganado por medio de collares de geolocalizaci\u00f3n que facilitan tambi\u00e9n informaci\u00f3n sobre el estado de los animales\u201d.<\/p>\n<p>La cobertura LORA es un tipo de cobertura radio (800 MHz) que se consigue a partir de instalaci\u00f3n estrat\u00e9gica de antenas de bajo coste y que permite conectar de forma sencilla y eficiente sensores repartidos por todo el territorio sin la necesidad de contar con cobertura m\u00f3vil. Estos sensores pueden ser consultados a trav\u00e9s de cualquier tipo de dispositivo (m\u00f3vil, tablet u ordenador), recibiendo informaci\u00f3n de lo que pasa en un punto remoto o conectando procesos sin necesidad de cobertura.<\/p>\n ","protected":false},"excerpt":{"rendered":"<p>A las dos antenas ubicadas la pasada primavera, se a\u00f1aden ahora seis m\u00e1s que ampliar\u00e1n la cobertura LORA en Aran, permitiendo hacer frente a la falta de cobertura m\u00f3vil para poder implementar procesos de digitalizaci\u00f3n y ofrecer un nuevo servicio al sector ganadero para permitir un mejor control y gesti\u00f3n de los reba\u00f1os en la&#8230;<\/p>\n","protected":false},"author":10,"featured_media":48789,"comment_status":"closed","ping_status":"closed","sticky":false,"template":"","format":"standard","meta":{"footnotes":""},"categories":[804,34],"tags":[],"_links":{"self":[{"href":"https:\/\/www.conselharan.org\/es\/wp-json\/wp\/v2\/posts\/48792"}],"collection":[{"href":"https:\/\/www.conselharan.org\/es\/wp-json\/wp\/v2\/posts"}],"about":[{"href":"https:\/\/www.conselharan.org\/es\/wp-json\/wp\/v2\/types\/post"}],"author":[{"embeddable":true,"href":"https:\/\/www.conselharan.org\/es\/wp-json\/wp\/v2\/users\/10"}],"replies":[{"embeddable":true,"href":"https:\/\/www.conselharan.org\/es\/wp-json\/wp\/v2\/comments?post=48792"}],"version-history":[{"count":1,"href":"https:\/\/www.conselharan.org\/es\/wp-json\/wp\/v2\/posts\/48792\/revisions"}],"predecessor-version":[{"id":48793,"href":"https:\/\/www.conselharan.org\/es\/wp-json\/wp\/v2\/posts\/48792\/revisions\/48793"}],"wp:featuredmedia":[{"embeddable":true,"href":"https:\/\/www.conselharan.org\/es\/wp-json\/wp\/v2\/media\/48789"}],"wp:attachment":[{"href":"https:\/\/www.conselharan.org\/es\/wp-json\/wp\/v2\/media?parent=48792"}],"wp:term":[{"taxonomy":"category","embeddable":true,"href":"https:\/\/www.conselharan.org\/es\/wp-json\/wp\/v2\/categories?post=48792"},{"taxonomy":"post_tag","embeddable":true,"href":"https:\/\/www.conselharan.org\/es\/wp-json\/wp\/v2\/tags?post=48792"}],"curies":[{"name":"wp","href":"https:\/\/api.w.org\/{rel}","templated":true}]}}