{"id":48873,"date":"2022-06-14T14:48:56","date_gmt":"2022-06-14T12:48:56","guid":{"rendered":"https:\/\/www.conselharan.org\/eth-conselh-generau-daran-presente-as-direccions-des-escoles-araneses-eth-nau-mapa-escolar-dera-val-daran\/"},"modified":"2022-06-14T14:49:51","modified_gmt":"2022-06-14T12:49:51","slug":"eth-conselh-generau-daran-presente-as-direccions-des-escoles-araneses-eth-nau-mapa-escolar-dera-val-daran","status":"publish","type":"post","link":"https:\/\/www.conselharan.org\/es\/eth-conselh-generau-daran-presente-as-direccions-des-escoles-araneses-eth-nau-mapa-escolar-dera-val-daran\/","title":{"rendered":"El Conselh Generau d\u2019Aran presenta a las direcciones de las escuelas aranesas el nuevo Mapa Escolar de la Val d\u2019Aran"},"content":{"rendered":"<p><a href=\"https:\/\/www.conselharan.org\/wp-content\/uploads\/2022\/06\/WhatsApp-Image-2022-06-14-at-2.47.40-PM.jpeg\"><img loading=\"lazy\" decoding=\"async\" class=\"size-full wp-image-48868 aligncenter\" src=\"https:\/\/www.conselharan.org\/wp-content\/uploads\/2022\/06\/WhatsApp-Image-2022-06-14-at-2.47.40-PM.jpeg\" alt=\"\" width=\"1024\" height=\"768\" srcset=\"https:\/\/www.conselharan.org\/wp-content\/uploads\/2022\/06\/WhatsApp-Image-2022-06-14-at-2.47.40-PM.jpeg 1024w, https:\/\/www.conselharan.org\/wp-content\/uploads\/2022\/06\/WhatsApp-Image-2022-06-14-at-2.47.40-PM-300x225.jpeg 300w, https:\/\/www.conselharan.org\/wp-content\/uploads\/2022\/06\/WhatsApp-Image-2022-06-14-at-2.47.40-PM-768x576.jpeg 768w\" sizes=\"(max-width: 1024px) 100vw, 1024px\" \/><\/a><\/p>\n<ul>\n<li>\n<h3><strong>Tal y como establece la Ley de Aran, la aprobaci\u00f3n de este Mapa Escolar facilitar\u00e1 al Conselh Generau d\u2019Aran seguir trabajando para que la Val d\u2019Aran se convierta en una Zona Educativa Especial para facilitar resolver las problem\u00e1ticas espec\u00edficas del territorio, como la designaci\u00f3n de profesorado, la optimizaci\u00f3n de los servicios de comedor y transporte o la especificidad de la Escuela Aranesa<\/strong><\/h3>\n<\/li>\n<\/ul>\n<p>La consejera de Conocimiento, Angelina Cases, present\u00f3 la pasada semana a las direcciones de las escuelas aranesas y al inspector de la zona el nuevo Mapa Escolar de la Val d\u2019Aran, pactado con los ayuntamientos araneses y que marca cu\u00e1l es el centro educativo de referencia para cada ni\u00f1o o ni\u00f1a seg\u00fan el municipio en que est\u00e9 empadronado\/a.<\/p>\n<p>\u201cEste Mapa Escolar, en el que el Conselh Generau d\u2019Aran ha trabajado conjuntamente con ayuntamientos y escuelas, resultaba muy necesario para establecer oficialmente cu\u00e1l es el colegio de referencia para cada municipio o pedan\u00eda de la Val d\u2019Aran\u201d explicaba la consejera Cases.<\/p>\n<p>La creaci\u00f3n de este Mapa Escolar, apuntaba la s\u00edndica de Aran, \u201cnos facilitar\u00e1 poder seguir trabajando para que la Val d\u2019Aran se convierta en una Zona Educativa Especial, asunto en el que trabajamos desde el gobierno de Aran, dado que es un derecho reconocido en el art\u00edculo 55 de la Ley de Aran y que nos facilitar\u00e1 resolver problem\u00e1ticas espec\u00edficas del territorio, como la designaci\u00f3n de profesorado, la optimizaci\u00f3n de los servicios de comedor y transporte o la especificidad de la Escuela Aranesa\u201d.<\/p>\n ","protected":false},"excerpt":{"rendered":"<p>Tal y como establece la Ley de Aran, la aprobaci\u00f3n de este Mapa Escolar facilitar\u00e1 al Conselh Generau d\u2019Aran seguir trabajando para que la Val d\u2019Aran se convierta en una Zona Educativa Especial para facilitar resolver las problem\u00e1ticas espec\u00edficas del territorio, como la designaci\u00f3n de profesorado, la optimizaci\u00f3n de los servicios de comedor y transporte&#8230;<\/p>\n","protected":false},"author":10,"featured_media":48870,"comment_status":"closed","ping_status":"closed","sticky":false,"template":"","format":"standard","meta":{"footnotes":""},"categories":[792,52],"tags":[],"_links":{"self":[{"href":"https:\/\/www.conselharan.org\/es\/wp-json\/wp\/v2\/posts\/48873"}],"collection":[{"href":"https:\/\/www.conselharan.org\/es\/wp-json\/wp\/v2\/posts"}],"about":[{"href":"https:\/\/www.conselharan.org\/es\/wp-json\/wp\/v2\/types\/post"}],"author":[{"embeddable":true,"href":"https:\/\/www.conselharan.org\/es\/wp-json\/wp\/v2\/users\/10"}],"replies":[{"embeddable":true,"href":"https:\/\/www.conselharan.org\/es\/wp-json\/wp\/v2\/comments?post=48873"}],"version-history":[{"count":1,"href":"https:\/\/www.conselharan.org\/es\/wp-json\/wp\/v2\/posts\/48873\/revisions"}],"predecessor-version":[{"id":48874,"href":"https:\/\/www.conselharan.org\/es\/wp-json\/wp\/v2\/posts\/48873\/revisions\/48874"}],"wp:featuredmedia":[{"embeddable":true,"href":"https:\/\/www.conselharan.org\/es\/wp-json\/wp\/v2\/media\/48870"}],"wp:attachment":[{"href":"https:\/\/www.conselharan.org\/es\/wp-json\/wp\/v2\/media?parent=48873"}],"wp:term":[{"taxonomy":"category","embeddable":true,"href":"https:\/\/www.conselharan.org\/es\/wp-json\/wp\/v2\/categories?post=48873"},{"taxonomy":"post_tag","embeddable":true,"href":"https:\/\/www.conselharan.org\/es\/wp-json\/wp\/v2\/tags?post=48873"}],"curies":[{"name":"wp","href":"https:\/\/api.w.org\/{rel}","templated":true}]}}