{"id":48940,"date":"2022-06-18T14:39:14","date_gmt":"2022-06-18T12:39:14","guid":{"rendered":"https:\/\/www.conselharan.org\/eth-conselh-generau-daran-autrege-ath-mgfc-sr-carlos-barrera-eth-reconeishement-daranes-illustre-a-titol-postum\/"},"modified":"2022-06-21T09:38:44","modified_gmt":"2022-06-21T07:38:44","slug":"eth-conselh-generau-daran-autrege-ath-mgfc-sr-carlos-barrera-eth-reconeishement-daranes-illustre-a-titol-postum","status":"publish","type":"post","link":"https:\/\/www.conselharan.org\/es\/eth-conselh-generau-daran-autrege-ath-mgfc-sr-carlos-barrera-eth-reconeishement-daranes-illustre-a-titol-postum\/","title":{"rendered":"El Conselh Generau d\u2019Aran otorga al Mgfco. Sr. Carlos Barrera el reconocimiento de Aran\u00e9s Ilustre a t\u00edtulo p\u00f3stumo"},"content":{"rendered":"<p><a href=\"https:\/\/www.conselharan.org\/wp-content\/uploads\/2022\/06\/054_Arane\u0301sIllustre2022_-Foto-ATur-scaled.jpg\"><img loading=\"lazy\" decoding=\"async\" class=\"aligncenter wp-image-48935 size-large\" src=\"https:\/\/www.conselharan.org\/wp-content\/uploads\/2022\/06\/054_Arane\u0301sIllustre2022_-Foto-ATur-1024x683.jpg\" alt=\"\" width=\"1024\" height=\"683\" srcset=\"https:\/\/www.conselharan.org\/wp-content\/uploads\/2022\/06\/054_Arane\u0301sIllustre2022_-Foto-ATur-1024x683.jpg 1024w, https:\/\/www.conselharan.org\/wp-content\/uploads\/2022\/06\/054_Arane\u0301sIllustre2022_-Foto-ATur-300x200.jpg 300w, https:\/\/www.conselharan.org\/wp-content\/uploads\/2022\/06\/054_Arane\u0301sIllustre2022_-Foto-ATur-768x512.jpg 768w, https:\/\/www.conselharan.org\/wp-content\/uploads\/2022\/06\/054_Arane\u0301sIllustre2022_-Foto-ATur-1536x1024.jpg 1536w, https:\/\/www.conselharan.org\/wp-content\/uploads\/2022\/06\/054_Arane\u0301sIllustre2022_-Foto-ATur-2048x1365.jpg 2048w\" sizes=\"(max-width: 1024px) 100vw, 1024px\" \/><\/a><\/p>\n<ul>\n<li>\n<h3><strong>La s\u00edndica de Aran ha hecho entrega de la mayor distinci\u00f3n que otorga el Conselh Generau d\u2019Aran a la familia del homenajeado, de quien ha querido destacar su gran estima al pa\u00eds, as\u00ed como su trayectoria durante veinte a\u00f1os al frente de la m\u00e1xima instituci\u00f3n aranesa, trabajando siempre con lealtad y respeto a Aran, su ciudadan\u00eda y su autogobierno<\/strong><\/h3>\n<\/li>\n<\/ul>\n<p>Este mediod\u00eda, en la sede institucional del Conselh Generau d\u2019Aran (la <em>Casa deth Senhor d\u2019Arr\u00f2s<\/em>), la s\u00edndica de Aran, Maria Verg\u00e9s, ha hecho entrega de la medalla de Aran\u00e9s Ilustre a la familia del Mgfco. Sr. Carlos Barrera, quien ha sido reconocido, a t\u00edtulo p\u00f3stumo, con la mayor distinci\u00f3n que otorga el gobierno de Aran.<\/p>\n<p>\u201cDesde el gobierno del Conselh Generau d\u2019Aran hemos querido celebrar diversos actos en el marco de la H\u00e8sta d\u2019Aran, aprovechando para rendir homenaje a diferentes personas y entidades que han trabajado para hacer de la Vald \u2018Aran un lugar mejor. Lo hicimos colocando la placa conmemorativa en honor a Joan Canalias en la Sala de Control de Pompi\u00e8rs Emerg\u00e9ncies, otorgando el premio 17 de Junio a la Escuela Aranesa y ayer condecorando a la doctora Caubet con la Medalla de Honor del Conselh\u201d explicaba la s\u00edndica de Aran, a\u00f1adiendo: \u201cen el marco de esta H\u00e8sta d\u2019Aran no pod\u00edamos dejar de celebrar este acto solemne para otorgar el reconocimiento de Aran\u00e9s Ilustre al s\u00edndico Barrera, quien estuvo durante 20 a\u00f1os al frente de la m\u00e1xima instituci\u00f3n aranesa, trabajando por el bien com\u00fan de Aran, su ciudadan\u00eda y su autogobierno\u201d.<\/p>\n<p>El t\u00edtulo de Aran\u00e9s Ilustre es la m\u00e1xima distinci\u00f3n que otorga el Conselh Generau,\u00a0 tal y como marca el Reglamento de Honores y Distinciones de la m\u00e1xima instituci\u00f3n aranesa, aprobado por el Pleno del Conselh, que establece que: \u201cla concesi\u00f3n del t\u00edtulo de Aran\u00e9s\/a Ilustre\/a solo podr\u00e1 recaer en aquellas personas que, habiendo nacido en la Val d\u2019Aran, hayan destacado de forma extraordinaria por cualidades y m\u00e9ritos personales o por servicios prestados en beneficio o honor de la Val d\u2019Aran que hayan contribuido de forma indiscutible al bien p\u00fablico\u201d.<\/p>\n ","protected":false},"excerpt":{"rendered":"<p>La s\u00edndica de Aran ha hecho entrega de la mayor distinci\u00f3n que otorga el Conselh Generau d\u2019Aran a la familia del homenajeado, de quien ha querido destacar su gran estima al pa\u00eds, as\u00ed como su trayectoria durante veinte a\u00f1os al frente de la m\u00e1xima instituci\u00f3n aranesa, trabajando siempre con lealtad y respeto a Aran, su&#8230;<\/p>\n","protected":false},"author":10,"featured_media":48937,"comment_status":"closed","ping_status":"closed","sticky":false,"template":"","format":"standard","meta":{"footnotes":""},"categories":[52],"tags":[],"_links":{"self":[{"href":"https:\/\/www.conselharan.org\/es\/wp-json\/wp\/v2\/posts\/48940"}],"collection":[{"href":"https:\/\/www.conselharan.org\/es\/wp-json\/wp\/v2\/posts"}],"about":[{"href":"https:\/\/www.conselharan.org\/es\/wp-json\/wp\/v2\/types\/post"}],"author":[{"embeddable":true,"href":"https:\/\/www.conselharan.org\/es\/wp-json\/wp\/v2\/users\/10"}],"replies":[{"embeddable":true,"href":"https:\/\/www.conselharan.org\/es\/wp-json\/wp\/v2\/comments?post=48940"}],"version-history":[{"count":2,"href":"https:\/\/www.conselharan.org\/es\/wp-json\/wp\/v2\/posts\/48940\/revisions"}],"predecessor-version":[{"id":48974,"href":"https:\/\/www.conselharan.org\/es\/wp-json\/wp\/v2\/posts\/48940\/revisions\/48974"}],"wp:featuredmedia":[{"embeddable":true,"href":"https:\/\/www.conselharan.org\/es\/wp-json\/wp\/v2\/media\/48937"}],"wp:attachment":[{"href":"https:\/\/www.conselharan.org\/es\/wp-json\/wp\/v2\/media?parent=48940"}],"wp:term":[{"taxonomy":"category","embeddable":true,"href":"https:\/\/www.conselharan.org\/es\/wp-json\/wp\/v2\/categories?post=48940"},{"taxonomy":"post_tag","embeddable":true,"href":"https:\/\/www.conselharan.org\/es\/wp-json\/wp\/v2\/tags?post=48940"}],"curies":[{"name":"wp","href":"https:\/\/api.w.org\/{rel}","templated":true}]}}