{"id":48993,"date":"2022-06-22T15:17:03","date_gmt":"2022-06-22T13:17:03","guid":{"rendered":"https:\/\/www.conselharan.org\/inauguracion-dera-exposicion-conselh-generau-daran-30-ans-dautogovern-en-parlament-de-catalunya\/"},"modified":"2022-06-22T15:18:09","modified_gmt":"2022-06-22T13:18:09","slug":"inauguracion-dera-exposicion-conselh-generau-daran-30-ans-dautogovern-en-parlament-de-catalunya","status":"publish","type":"post","link":"https:\/\/www.conselharan.org\/es\/inauguracion-dera-exposicion-conselh-generau-daran-30-ans-dautogovern-en-parlament-de-catalunya\/","title":{"rendered":"Inauguraci\u00f3n de la exposici\u00f3n \u2018Conselh Generau d\u2019Aran, 30 a\u00f1os de autogobierno\u2019 en el Parlament de Catalunya"},"content":{"rendered":"<p><a href=\"https:\/\/www.conselharan.org\/wp-content\/uploads\/2022\/06\/WhatsApp-Image-2022-06-22-at-1.03.12-PM.jpeg\"><img loading=\"lazy\" decoding=\"async\" class=\"aligncenter wp-image-48988 size-large\" src=\"https:\/\/www.conselharan.org\/wp-content\/uploads\/2022\/06\/WhatsApp-Image-2022-06-22-at-1.03.12-PM-1024x768.jpeg\" alt=\"\" width=\"1024\" height=\"768\" srcset=\"https:\/\/www.conselharan.org\/wp-content\/uploads\/2022\/06\/WhatsApp-Image-2022-06-22-at-1.03.12-PM-1024x768.jpeg 1024w, https:\/\/www.conselharan.org\/wp-content\/uploads\/2022\/06\/WhatsApp-Image-2022-06-22-at-1.03.12-PM-300x225.jpeg 300w, https:\/\/www.conselharan.org\/wp-content\/uploads\/2022\/06\/WhatsApp-Image-2022-06-22-at-1.03.12-PM-768x576.jpeg 768w, https:\/\/www.conselharan.org\/wp-content\/uploads\/2022\/06\/WhatsApp-Image-2022-06-22-at-1.03.12-PM-1536x1152.jpeg 1536w, https:\/\/www.conselharan.org\/wp-content\/uploads\/2022\/06\/WhatsApp-Image-2022-06-22-at-1.03.12-PM.jpeg 2048w\" sizes=\"(max-width: 1024px) 100vw, 1024px\" \/><\/a><\/p>\n<ul>\n<li>\n<h3><strong>La s\u00edndica de Aran, Maria Verg\u00e9s, y la presidenta del Parlament, Laura Borr\u00e0s, han presidido este acto de inauguraci\u00f3n dentro de la conmemoraci\u00f3n de la H\u00e8sta d\u2019Aran, en el que la s\u00edndica ha aprovechado para reivindicar la necesidad de mantener y mejorar el autogobierno aran\u00e9s y para pedir la complicidad del Parlament para consolidar la autonom\u00eda de Aran<\/strong><\/h3>\n<\/li>\n<\/ul>\n<p>Este mediod\u00eda ha tenido lugar, en el Parlament de Catalunya, la inauguraci\u00f3n de la exposici\u00f3n \u2018Conselh Generau d\u2019Aran, 30 a\u00f1os de autogobierno\u2019, presidida por la s\u00edndica de Aran, Maria Verg\u00e9s, y la presidenta del Parlament, Laura Borr\u00e0s, a la que han asistido tambi\u00e9n los consejeros y consejera del Conselh, Juan Antonio Serrano, Frac\u00e9s Bruna y Angelina Cases, as\u00ed como el secretario primero, Ferran Pedret, la secretaria segunda, Aurora Madaula y el secretario tercero, Carles Riera, adem\u00e1s de diputados de distintos grupos pol\u00edticos.<\/p>\n<p>\u201cDesde el Conselh Generau d\u2019Aran estamos muy satisfechos de que el Parlament acoja esta exposici\u00f3n sobre el 30 aniversario de la recuperaci\u00f3n de nuestra m\u00e1xima instituci\u00f3n, como una forma de acercar la realidad de Aran y su autogobierno a los representantes de esta c\u00e1mara\u201d aseguraba la s\u00edndica, a\u00f1adiendo que: \u201cpensamos que es indispensable hacer pedagog\u00eda sobre la singularidad aranesa para poder conseguir unas mayores cotas de reconocimiento y respecto a nuestro autogobierno\u201d.<\/p>\n<p>En su intervenci\u00f3n, la s\u00edndica de Aran ha querido tambi\u00e9n destacar la delicada situaci\u00f3n que atraviesa nuestra lengua propia: \u201cel aran\u00e9s vive una situaci\u00f3n de extrema gravedad y ha llegado la hora de ser conscientes de ello y actuar con rapidez y, tambi\u00e9n, con firmeza\u201d y a\u00f1ad\u00eda que: \u201cpara evitar la muerte de nuestra lengua es necesario contar con recursos y medios con los que actualmente no contamos, y tambi\u00e9n con complicidad pol\u00edtica e institucional y con militancia social. Es por ello que desde el gobierno del Conselh Generau d\u2019Aran hemos solicitado a la Generalitat de Catalunya, por un lado, la revisi\u00f3n del traspaso de competencias en materia de lengua y cultura para actualizarlo, dado que en m\u00e1s de 30 a\u00f1os no se ha revisado, y por el otro, reajustar la relaci\u00f3n entre el Conselh y la Generalitat para impulsar el liderazgo de la m\u00e1xima instituci\u00f3n aranesa en esta materia\u201d.<\/p>\n<p>La exposici\u00f3n, que conmemora los 30 a\u00f1os de la reinstauraci\u00f3n de la m\u00e1xima instituci\u00f3n aranesa, se podr\u00e1 visitar durante 15 d\u00edas en la planta baja del Palacio del Parlament.<\/p>\n ","protected":false},"excerpt":{"rendered":"<p>La s\u00edndica de Aran, Maria Verg\u00e9s, y la presidenta del Parlament, Laura Borr\u00e0s, han presidido este acto de inauguraci\u00f3n dentro de la conmemoraci\u00f3n de la H\u00e8sta d\u2019Aran, en el que la s\u00edndica ha aprovechado para reivindicar la necesidad de mantener y mejorar el autogobierno aran\u00e9s y para pedir la complicidad del Parlament para consolidar la&#8230;<\/p>\n","protected":false},"author":10,"featured_media":48990,"comment_status":"closed","ping_status":"closed","sticky":false,"template":"","format":"standard","meta":{"footnotes":""},"categories":[52],"tags":[],"_links":{"self":[{"href":"https:\/\/www.conselharan.org\/es\/wp-json\/wp\/v2\/posts\/48993"}],"collection":[{"href":"https:\/\/www.conselharan.org\/es\/wp-json\/wp\/v2\/posts"}],"about":[{"href":"https:\/\/www.conselharan.org\/es\/wp-json\/wp\/v2\/types\/post"}],"author":[{"embeddable":true,"href":"https:\/\/www.conselharan.org\/es\/wp-json\/wp\/v2\/users\/10"}],"replies":[{"embeddable":true,"href":"https:\/\/www.conselharan.org\/es\/wp-json\/wp\/v2\/comments?post=48993"}],"version-history":[{"count":1,"href":"https:\/\/www.conselharan.org\/es\/wp-json\/wp\/v2\/posts\/48993\/revisions"}],"predecessor-version":[{"id":48994,"href":"https:\/\/www.conselharan.org\/es\/wp-json\/wp\/v2\/posts\/48993\/revisions\/48994"}],"wp:featuredmedia":[{"embeddable":true,"href":"https:\/\/www.conselharan.org\/es\/wp-json\/wp\/v2\/media\/48990"}],"wp:attachment":[{"href":"https:\/\/www.conselharan.org\/es\/wp-json\/wp\/v2\/media?parent=48993"}],"wp:term":[{"taxonomy":"category","embeddable":true,"href":"https:\/\/www.conselharan.org\/es\/wp-json\/wp\/v2\/categories?post=48993"},{"taxonomy":"post_tag","embeddable":true,"href":"https:\/\/www.conselharan.org\/es\/wp-json\/wp\/v2\/tags?post=48993"}],"curies":[{"name":"wp","href":"https:\/\/api.w.org\/{rel}","templated":true}]}}