{"id":49027,"date":"2022-06-27T14:53:04","date_gmt":"2022-06-27T12:53:04","guid":{"rendered":"https:\/\/www.conselharan.org\/comunicat-deth-conselh-generau-daran-12\/"},"modified":"2022-06-27T14:53:51","modified_gmt":"2022-06-27T12:53:51","slug":"comunicat-deth-conselh-generau-daran-12","status":"publish","type":"post","link":"https:\/\/www.conselharan.org\/es\/comunicat-deth-conselh-generau-daran-12\/","title":{"rendered":"Comunicado del Conselh Generau d\u2019Aran"},"content":{"rendered":"<p><a href=\"https:\/\/www.conselharan.org\/wp-content\/uploads\/2022\/06\/271982807_304580495041627_4970124474951301947_n.jpg\"><img loading=\"lazy\" decoding=\"async\" class=\"aligncenter wp-image-49022 size-large\" src=\"https:\/\/www.conselharan.org\/wp-content\/uploads\/2022\/06\/271982807_304580495041627_4970124474951301947_n-819x1024.jpg\" alt=\"\" width=\"819\" height=\"1024\" srcset=\"https:\/\/www.conselharan.org\/wp-content\/uploads\/2022\/06\/271982807_304580495041627_4970124474951301947_n-819x1024.jpg 819w, https:\/\/www.conselharan.org\/wp-content\/uploads\/2022\/06\/271982807_304580495041627_4970124474951301947_n-240x300.jpg 240w, https:\/\/www.conselharan.org\/wp-content\/uploads\/2022\/06\/271982807_304580495041627_4970124474951301947_n-768x960.jpg 768w, https:\/\/www.conselharan.org\/wp-content\/uploads\/2022\/06\/271982807_304580495041627_4970124474951301947_n.jpg 1080w\" sizes=\"(max-width: 819px) 100vw, 819px\" \/><\/a><\/p>\n<p>El Conselh Generau d\u2019Aran expresa sus condolencias a la familia y amistades del doctor Horacio Soloaga, que estuvo al frente del servicio de urgencias del Espitau Val d\u2019Aran durante muchos a\u00f1os y trabajo\u00f3 para impulsar y consolidar el sistema sanitario aran\u00e9s.<\/p>\n ","protected":false},"excerpt":{"rendered":"<p>El Conselh Generau d\u2019Aran expresa sus condolencias a la familia y amistades del doctor Horacio Soloaga, que estuvo al frente del servicio de urgencias del Espitau Val d\u2019Aran durante muchos a\u00f1os y trabajo\u00f3 para impulsar y consolidar el sistema sanitario aran\u00e9s.<\/p>\n","protected":false},"author":10,"featured_media":49024,"comment_status":"closed","ping_status":"closed","sticky":false,"template":"","format":"standard","meta":{"footnotes":""},"categories":[34],"tags":[],"_links":{"self":[{"href":"https:\/\/www.conselharan.org\/es\/wp-json\/wp\/v2\/posts\/49027"}],"collection":[{"href":"https:\/\/www.conselharan.org\/es\/wp-json\/wp\/v2\/posts"}],"about":[{"href":"https:\/\/www.conselharan.org\/es\/wp-json\/wp\/v2\/types\/post"}],"author":[{"embeddable":true,"href":"https:\/\/www.conselharan.org\/es\/wp-json\/wp\/v2\/users\/10"}],"replies":[{"embeddable":true,"href":"https:\/\/www.conselharan.org\/es\/wp-json\/wp\/v2\/comments?post=49027"}],"version-history":[{"count":1,"href":"https:\/\/www.conselharan.org\/es\/wp-json\/wp\/v2\/posts\/49027\/revisions"}],"predecessor-version":[{"id":49028,"href":"https:\/\/www.conselharan.org\/es\/wp-json\/wp\/v2\/posts\/49027\/revisions\/49028"}],"wp:featuredmedia":[{"embeddable":true,"href":"https:\/\/www.conselharan.org\/es\/wp-json\/wp\/v2\/media\/49024"}],"wp:attachment":[{"href":"https:\/\/www.conselharan.org\/es\/wp-json\/wp\/v2\/media?parent=49027"}],"wp:term":[{"taxonomy":"category","embeddable":true,"href":"https:\/\/www.conselharan.org\/es\/wp-json\/wp\/v2\/categories?post=49027"},{"taxonomy":"post_tag","embeddable":true,"href":"https:\/\/www.conselharan.org\/es\/wp-json\/wp\/v2\/tags?post=49027"}],"curies":[{"name":"wp","href":"https:\/\/api.w.org\/{rel}","templated":true}]}}