{"id":49048,"date":"2022-06-30T10:55:18","date_gmt":"2022-06-30T08:55:18","guid":{"rendered":"https:\/\/www.conselharan.org\/eth-ministeri-de-transports-inicie-es-trabalhs-de-melhora-dera-n230-reclamadi-peth-conselh-generau-daran\/"},"modified":"2022-06-30T11:01:21","modified_gmt":"2022-06-30T09:01:21","slug":"eth-ministeri-de-transports-inicie-es-trabalhs-de-melhora-dera-n230-reclamadi-peth-conselh-generau-daran","status":"publish","type":"post","link":"https:\/\/www.conselharan.org\/es\/eth-ministeri-de-transports-inicie-es-trabalhs-de-melhora-dera-n230-reclamadi-peth-conselh-generau-daran\/","title":{"rendered":"El Ministerio de Transportes inicia los trabajos de mejora de la N-230 reclamados por el Conselh Generau d\u2019Aran"},"content":{"rendered":"<p><a href=\"https:\/\/www.conselharan.org\/wp-content\/uploads\/2022\/06\/N-230.jpg\"><img loading=\"lazy\" decoding=\"async\" class=\"wp-image-49043 size-full aligncenter\" src=\"https:\/\/www.conselharan.org\/wp-content\/uploads\/2022\/06\/N-230.jpg\" alt=\"\" width=\"1024\" height=\"584\" srcset=\"https:\/\/www.conselharan.org\/wp-content\/uploads\/2022\/06\/N-230.jpg 1024w, https:\/\/www.conselharan.org\/wp-content\/uploads\/2022\/06\/N-230-300x171.jpg 300w, https:\/\/www.conselharan.org\/wp-content\/uploads\/2022\/06\/N-230-768x438.jpg 768w, https:\/\/www.conselharan.org\/wp-content\/uploads\/2022\/06\/N-230-305x175.jpg 305w\" sizes=\"(max-width: 1024px) 100vw, 1024px\" \/><\/a><\/p>\n<ul>\n<li>\n<h3><strong>Se da as\u00ed respuesta a la petici\u00f3n que la s\u00edndica de Aran, las presidencias de las Diputaciones de Lleida y Huesca y las presidencias de las comarcas de la Ribagor\u00e7a catalana y la Ribagorza aragonesa hicieron al secretario de infraestructuras del Estado en su reuni\u00f3n de hace tres meses, en la que, gracias a la colaboraci\u00f3n del secretario general para el Reto Demogr\u00e1fico, Paco Boya, consiguieron el compromiso del Ministerio para la creaci\u00f3n de un calendario conjunto de actuaciones y proyectos de mejora para la N-230<\/strong><\/h3>\n<\/li>\n<li>\n<h3><strong>La pasada semana, el Ministerio dio el primer paso para la redacci\u00f3n del proyecto de acondicionamiento de la N-230, convirti\u00e9ndola en una carretera 2+1 en el tramo entre Benabarre y Sopeira, con un tercer carril que mejorar\u00e1 mucho la seguridad de los usuarios que transitan la v\u00eda<\/strong><\/h3>\n<\/li>\n<li>\n<h3><strong>Estos trabajos se unen al compromiso que la Generalitat de Catalunya tom\u00f3 con el Conselh Generau d\u2019Aran para la mejora de la C-28 con el impulso de la Agenda de Movilidad Sostenible de la Val d\u2019Aran<\/strong><\/h3>\n<\/li>\n<\/ul>\n<p>El pasado mes de marzo, la s\u00edndica de Aran, Maria Verg\u00e9s, y los presidentes de las diputaciones de Huesca y Lleida, Miguel Gracia y Joan Talarn, y los presidentes de las comarcas de la Ribagor\u00e7a catalana y la Ribagorza aragonesa, M\u00aa Jos\u00e9 Erta y \u00a0Marcel Iglesias, mantuvieron un encuentro de trabajo con el Secretario General de Infraestructuras del Estado, Xavier Flores, en la que se acord\u00f3 por parte del Ministerio de Transportes, Movilidad y Agenda Urbana, dise\u00f1ar un calendario conjunto de actuaciones y proyectos que llevar a cabo.<\/p>\n<p>Tres meses despu\u00e9s, el Ministerio ha anunciado ya un contrato de servicios para la redacci\u00f3n del proyecto de acondicionamiento de la N-230 con tramos de tres carriles (carretera 2+1), concretamente entre Benabarre y Sopeira, lo que supondr\u00e1 un avance important\u00edsimo en la seguridad vial de los usuarios de esta carretera. El anuncio de la licitaci\u00f3n se puede encontrar ya en el BOE.<\/p>\n<p>La s\u00edndica ha mostrado \u201cla satisfacci\u00f3n del Conselh Generau d\u2019Aran ante esta importante mejora que responde a la reclamaci\u00f3n que transmitimos al secretario general el pasado mes de marzo\u201d. Tambi\u00e9n ha avanzado que \u201cdesde el gobierno de Aran continuaremos trabajando para que esta v\u00eda sea segura para los usuarios\u201d y a\u00f1ad\u00eda: \u201cestos trabajos se a\u00f1aden a los que hemos iniciado tambi\u00e9n con la Generalitat de Catalunya, consiguiendo su compromiso para el impulso de la Agenda de Movilidad Sostenible de Aran y para la mejora de la C-28, cerrando as\u00ed el circulo para que la Val d\u2019Aran transite hacia una movilidad sostenible adaptada a las necesidades y cambios que vienen\u201d.<\/p>\n<p>As\u00ed mismo, la s\u00edndica ha querido \u201cagradecer la buena predisposici\u00f3n del secretario general para el Reto Demogr\u00e1fico, que conoce bien nuestra realidad, para elevar las peticiones de la Val d\u2019Aran y las comarcas afectadas en este asunto al gobierno\u201d.<\/p>\n ","protected":false},"excerpt":{"rendered":"<p>Se da as\u00ed respuesta a la petici\u00f3n que la s\u00edndica de Aran, las presidencias de las Diputaciones de Lleida y Huesca y las presidencias de las comarcas de la Ribagor\u00e7a catalana y la Ribagorza aragonesa hicieron al secretario de infraestructuras del Estado en su reuni\u00f3n de hace tres meses, en la que, gracias a la&#8230;<\/p>\n","protected":false},"author":10,"featured_media":49045,"comment_status":"closed","ping_status":"closed","sticky":false,"template":"","format":"standard","meta":{"footnotes":""},"categories":[52],"tags":[],"_links":{"self":[{"href":"https:\/\/www.conselharan.org\/es\/wp-json\/wp\/v2\/posts\/49048"}],"collection":[{"href":"https:\/\/www.conselharan.org\/es\/wp-json\/wp\/v2\/posts"}],"about":[{"href":"https:\/\/www.conselharan.org\/es\/wp-json\/wp\/v2\/types\/post"}],"author":[{"embeddable":true,"href":"https:\/\/www.conselharan.org\/es\/wp-json\/wp\/v2\/users\/10"}],"replies":[{"embeddable":true,"href":"https:\/\/www.conselharan.org\/es\/wp-json\/wp\/v2\/comments?post=49048"}],"version-history":[{"count":1,"href":"https:\/\/www.conselharan.org\/es\/wp-json\/wp\/v2\/posts\/49048\/revisions"}],"predecessor-version":[{"id":49049,"href":"https:\/\/www.conselharan.org\/es\/wp-json\/wp\/v2\/posts\/49048\/revisions\/49049"}],"wp:featuredmedia":[{"embeddable":true,"href":"https:\/\/www.conselharan.org\/es\/wp-json\/wp\/v2\/media\/49045"}],"wp:attachment":[{"href":"https:\/\/www.conselharan.org\/es\/wp-json\/wp\/v2\/media?parent=49048"}],"wp:term":[{"taxonomy":"category","embeddable":true,"href":"https:\/\/www.conselharan.org\/es\/wp-json\/wp\/v2\/categories?post=49048"},{"taxonomy":"post_tag","embeddable":true,"href":"https:\/\/www.conselharan.org\/es\/wp-json\/wp\/v2\/tags?post=49048"}],"curies":[{"name":"wp","href":"https:\/\/api.w.org\/{rel}","templated":true}]}}