{"id":49077,"date":"2022-07-01T14:49:23","date_gmt":"2022-07-01T12:49:23","guid":{"rendered":"https:\/\/www.conselharan.org\/?p=49077"},"modified":"2022-07-01T14:50:02","modified_gmt":"2022-07-01T12:50:02","slug":"llega-la-segunda-edicion-de-la-val-daran-by-utmb","status":"publish","type":"post","link":"https:\/\/www.conselharan.org\/es\/llega-la-segunda-edicion-de-la-val-daran-by-utmb\/","title":{"rendered":"Llega la segunda edici\u00f3n de la Val d\u2019Aran by UTMB\u00ae"},"content":{"rendered":"<ul>\n<li><strong>El Conselh Generau d\u2019Aran colabora, un a\u00f1o m\u00e1s, con esta carrera que esta vez acoger\u00e1 a m\u00e1s de 3.700 corredores repartidos entre las cuatro distancias, convirti\u00e9ndose as\u00ed en la carrera con m\u00e1s corredores inscritos entre todas sus distancias en Espa\u00f1a.<\/strong><\/li>\n<\/ul>\n<p>&nbsp;<\/p>\n<p><a href=\"https:\/\/www.conselharan.org\/es\/llega-la-segunda-edicion-de-la-val-daran-by-utmb\/josemimun%cc%83ozvdabyutmb-7548-2\/\" rel=\"attachment wp-att-49071\"><img loading=\"lazy\" decoding=\"async\" class=\"aligncenter size-large wp-image-49071\" src=\"https:\/\/www.conselharan.org\/wp-content\/uploads\/2022\/07\/JosemiMun\u0303oz\u00a9VDAbyUTMB-7548-1024x683.jpg\" alt=\"\" width=\"1024\" height=\"683\" srcset=\"https:\/\/www.conselharan.org\/wp-content\/uploads\/2022\/07\/JosemiMun\u0303oz\u00a9VDAbyUTMB-7548-1024x683.jpg 1024w, https:\/\/www.conselharan.org\/wp-content\/uploads\/2022\/07\/JosemiMun\u0303oz\u00a9VDAbyUTMB-7548-300x200.jpg 300w, https:\/\/www.conselharan.org\/wp-content\/uploads\/2022\/07\/JosemiMun\u0303oz\u00a9VDAbyUTMB-7548-768x512.jpg 768w, https:\/\/www.conselharan.org\/wp-content\/uploads\/2022\/07\/JosemiMun\u0303oz\u00a9VDAbyUTMB-7548-1536x1024.jpg 1536w, https:\/\/www.conselharan.org\/wp-content\/uploads\/2022\/07\/JosemiMun\u0303oz\u00a9VDAbyUTMB-7548.jpg 1920w\" sizes=\"(max-width: 1024px) 100vw, 1024px\" \/><\/a><\/p>\n<p>&nbsp;<\/p>\n<p>La Val d\u2019Aran acoger\u00e1, entre el 7 y 10 de julio, la segunda edici\u00f3n de la Val d\u2019Aran by UTMB<sup>\u00ae<\/sup>, que este a\u00f1o se convierte en el evento de trail running con mayor n\u00famero de inscripciones que tendr\u00e1 lugar en Espa\u00f1a, despu\u00e9s de superar en m\u00e1s de 600 inscripciones los 3.116 corredores y corredoras de 62 nacionalideades del a\u00f1o pasado.<\/p>\n<p>&nbsp;<\/p>\n<p>M\u00e1s de 3.700 corredores procedentes de m\u00e1s de 70 pa\u00edses como Francia, Reino Unido, Portugal, EE.UU., Argentina, B\u00e9lgica, Polonia, Hong Kong, Jap\u00f3n, Egipto o Vietnam se dar\u00e1n cita en un de los eventos de trail m\u00e1s importantes de Europa.<\/p>\n<p>&nbsp;<\/p>\n<p>\u201cDesde el gobierno del Conselh Generau d\u2019Aran colaboramos con los organizadores de este evento deportivo porque pensamos que supone una oportunidad \u00fanica de situar nuestro territorio en la \u00e9lite del trail running mundial, as\u00ed c\u00f3mo demuestra el gran \u00e9xito de \u00a0inscripciones de esta segunda edici\u00f3n\u201d afirmaba la s\u00edndica d\u2019Aran, Maria Verg\u00e9s.<\/p>\n<p>&nbsp;<\/p>\n<p>La celebraci\u00f3n de este evento tan prestigioso y conocido a nivel mundial supone un gran impulso tur\u00edstico para el pa\u00eds a principios del mes de julio, una acci\u00f3n de desestacionalizacion muy importante para el Aran.<\/p>\n<p>&nbsp;<\/p>\n<p>Las personas interesadas pueden encontrar toda la informaci\u00f3n en la web oficial de la carrera: <a href=\"https:\/\/www.aranbyutmb.com\/\" target=\"_blank\" rel=\"noopener noreferrer\">https:\/\/www.aranbyutmb.com\/<\/a><\/p>\n<p>&nbsp;<\/p>\n<p>&nbsp;<\/p>\n<p><em>Vielha, 1 de julio \u00a0de 2022<\/em><\/p>\n ","protected":false},"excerpt":{"rendered":"<p>El Conselh Generau d\u2019Aran colabora, un a\u00f1o m\u00e1s, con esta carrera que esta vez acoger\u00e1 a m\u00e1s de 3.700 corredores repartidos entre las cuatro distancias, convirti\u00e9ndose as\u00ed en la carrera con m\u00e1s corredores inscritos entre todas sus distancias en Espa\u00f1a. &nbsp; &nbsp; La Val d\u2019Aran acoger\u00e1, entre el 7 y 10 de julio, la segunda&#8230;<\/p>\n","protected":false},"author":2,"featured_media":49071,"comment_status":"closed","ping_status":"closed","sticky":false,"template":"","format":"standard","meta":{"footnotes":""},"categories":[135,137],"tags":[],"_links":{"self":[{"href":"https:\/\/www.conselharan.org\/es\/wp-json\/wp\/v2\/posts\/49077"}],"collection":[{"href":"https:\/\/www.conselharan.org\/es\/wp-json\/wp\/v2\/posts"}],"about":[{"href":"https:\/\/www.conselharan.org\/es\/wp-json\/wp\/v2\/types\/post"}],"author":[{"embeddable":true,"href":"https:\/\/www.conselharan.org\/es\/wp-json\/wp\/v2\/users\/2"}],"replies":[{"embeddable":true,"href":"https:\/\/www.conselharan.org\/es\/wp-json\/wp\/v2\/comments?post=49077"}],"version-history":[{"count":2,"href":"https:\/\/www.conselharan.org\/es\/wp-json\/wp\/v2\/posts\/49077\/revisions"}],"predecessor-version":[{"id":49079,"href":"https:\/\/www.conselharan.org\/es\/wp-json\/wp\/v2\/posts\/49077\/revisions\/49079"}],"wp:featuredmedia":[{"embeddable":true,"href":"https:\/\/www.conselharan.org\/es\/wp-json\/wp\/v2\/media\/49071"}],"wp:attachment":[{"href":"https:\/\/www.conselharan.org\/es\/wp-json\/wp\/v2\/media?parent=49077"}],"wp:term":[{"taxonomy":"category","embeddable":true,"href":"https:\/\/www.conselharan.org\/es\/wp-json\/wp\/v2\/categories?post=49077"},{"taxonomy":"post_tag","embeddable":true,"href":"https:\/\/www.conselharan.org\/es\/wp-json\/wp\/v2\/tags?post=49077"}],"curies":[{"name":"wp","href":"https:\/\/api.w.org\/{rel}","templated":true}]}}