{"id":49681,"date":"2022-07-15T15:30:54","date_gmt":"2022-07-15T13:30:54","guid":{"rendered":"https:\/\/www.conselharan.org\/eth-ministeri-entara-transicion-ecologica-e-eth-repte-demografic-eth-conselh-generau-daran-e-es-deputacions-de-lleida-e-huesca-signen-eth-conveni-de-collaboracion-tath-desvolopament-deth-pro\/"},"modified":"2022-07-20T14:17:53","modified_gmt":"2022-07-20T12:17:53","slug":"eth-ministeri-entara-transicion-ecologica-e-eth-repte-demografic-eth-conselh-generau-daran-e-es-deputacions-de-lleida-e-huesca-signen-eth-conveni-de-collaboracion-tath-desvolopament-deth-pro","status":"publish","type":"post","link":"https:\/\/www.conselharan.org\/es\/eth-ministeri-entara-transicion-ecologica-e-eth-repte-demografic-eth-conselh-generau-daran-e-es-deputacions-de-lleida-e-huesca-signen-eth-conveni-de-collaboracion-tath-desvolopament-deth-pro\/","title":{"rendered":"El Ministerio para la Transici\u00f3n Ecol\u00f3gica y el Reto Demogr\u00e1fico, el Conselh Generau d\u2019Aran y las Diputaciones de Lleida y Huesca firman el convenio de colaboraci\u00f3n para el desarrollo del Proyecto de Innovaci\u00f3n Territorial"},"content":{"rendered":"<p><a href=\"https:\/\/www.conselharan.org\/wp-content\/uploads\/2022\/07\/IMG_6383-scaled.jpg\"><img loading=\"lazy\" decoding=\"async\" class=\"aligncenter wp-image-49676 size-large\" src=\"https:\/\/www.conselharan.org\/wp-content\/uploads\/2022\/07\/IMG_6383-1024x768.jpg\" alt=\"\" width=\"1024\" height=\"768\" srcset=\"https:\/\/www.conselharan.org\/wp-content\/uploads\/2022\/07\/IMG_6383-1024x768.jpg 1024w, https:\/\/www.conselharan.org\/wp-content\/uploads\/2022\/07\/IMG_6383-300x225.jpg 300w, https:\/\/www.conselharan.org\/wp-content\/uploads\/2022\/07\/IMG_6383-768x576.jpg 768w, https:\/\/www.conselharan.org\/wp-content\/uploads\/2022\/07\/IMG_6383-1536x1152.jpg 1536w, https:\/\/www.conselharan.org\/wp-content\/uploads\/2022\/07\/IMG_6383-2048x1536.jpg 2048w\" sizes=\"(max-width: 1024px) 100vw, 1024px\" \/><\/a><\/p>\n<ul>\n<li>\n<h3><strong>Este convenio permitir\u00e1 la creaci\u00f3n de un marco de cooperaci\u00f3n entre las instituciones implicadas y la creaci\u00f3n de tres C\u00e9lulas de Innovaci\u00f3n Rural a trav\u00e9s de las cuales impulsar las actuaciones necesarias para crear una din\u00e1mica territorial que se fundamente en la colaboraci\u00f3n p\u00fablico-privada, la innovaci\u00f3n y la retenci\u00f3n y atracci\u00f3n del talento local<\/strong><\/h3>\n<\/li>\n<\/ul>\n<p>Este mediod\u00eda, el secretario general para el Reto Demogr\u00e1fico, Franc\u00e9s Boya, la s\u00edndica de Aran, Maria Verg\u00e9s, el presidente de la Diputaci\u00f3n de Lleida, Joan Talarn, y el presidente de la Diputaci\u00f3n de Huesca, Miguel Gracia, han formalizado la firma del convenio para el desarrollo del Proyecto de Innovaci\u00f3n Territorial y el Desarrollo de C\u00e9lulas de Innovaci\u00f3n Rural.<\/p>\n<p>El objetivo de este convenio es la creaci\u00f3n de un marco de cooperaci\u00f3n entre las instituciones implicadas y supondr\u00e1 la ampliaci\u00f3n, consolidaci\u00f3n y creaci\u00f3n de tres C\u00e9lulas de Innovaci\u00f3n Rural: la C\u00e9lula de Innovaci\u00f3n Rural Pirineo-Aran (que comprender\u00e1 territorios pirenaicos de Huesca y Lleida, as\u00ed como la Val d\u2019Aran), la C\u00e9lula de Innovaci\u00f3n Rural Tierras de Lleida y la de la provincia de Huesca, replicando el modelo iniciado con el Hub de innovaci\u00f3n H\u00e8Pic. El marco de cooperaci\u00f3n propiciado por el convenio favorecer\u00e1 las sinergias entre las tres c\u00e9lulas desarrolladas.<\/p>\n<p>\u201cEste convenio responde a la voluntad compartida de la administraci\u00f3n del Estado, las Diputaciones provinciales y el Conselh Generau de desarrollar un Proyecto de Innovaci\u00f3n Territorial que aborde la situaci\u00f3n creada como consecuencia de los nuevos y recientes procesos demogr\u00e1ficos que han afectado a la distribuci\u00f3n tradicional de la poblaci\u00f3n en el territorio y ofrece respuesta a los nuevos retos que plantea la desigualdad territorial generada por estos cambios\u201d, explicaba el secretario general para el Reto Demogr\u00e1fico, a\u00f1adiendo que: \u201cestos procesos demogr\u00e1ficos suponen un riesgo de despoblaci\u00f3n para un importante n\u00famero de zonas rurales que, a su vez, sufren tambi\u00e9n un envejecimiento de su poblaci\u00f3n, viendo as\u00ed gravemente afectadas sus posibilidades de desarrollo econ\u00f3mico y social, algo que afecta tambi\u00e9n al bienestar y calidad de vida de la ciudadan\u00eda\u201d.<\/p>\n<p>\u201cGracias a este convenio podremos impulsar las actuaciones necesarias para dinamizar la colaboraci\u00f3n p\u00fablico-privada, la innovaci\u00f3n y la retenci\u00f3n del talento local\u201d, explicaba la s\u00edndica, que a\u00f1ad\u00eda: \u201cesto nos servir\u00e1 de base para generar proyectos transformadores que impulsen un modelo de desarrollo territorial sostenible y reequilibrador de los actuales d\u00e9ficits demogr\u00e1ficos, de infraestructuras y de servicios que sufren las zonas de monta\u00f1a como la Val d\u2019Aran\u201d.<\/p>\n ","protected":false},"excerpt":{"rendered":"<p>Este convenio permitir\u00e1 la creaci\u00f3n de un marco de cooperaci\u00f3n entre las instituciones implicadas y la creaci\u00f3n de tres C\u00e9lulas de Innovaci\u00f3n Rural a trav\u00e9s de las cuales impulsar las actuaciones necesarias para crear una din\u00e1mica territorial que se fundamente en la colaboraci\u00f3n p\u00fablico-privada, la innovaci\u00f3n y la retenci\u00f3n y atracci\u00f3n del talento local Este&#8230;<\/p>\n","protected":false},"author":10,"featured_media":49678,"comment_status":"closed","ping_status":"closed","sticky":false,"template":"","format":"standard","meta":{"footnotes":""},"categories":[804,126,34,801],"tags":[],"_links":{"self":[{"href":"https:\/\/www.conselharan.org\/es\/wp-json\/wp\/v2\/posts\/49681"}],"collection":[{"href":"https:\/\/www.conselharan.org\/es\/wp-json\/wp\/v2\/posts"}],"about":[{"href":"https:\/\/www.conselharan.org\/es\/wp-json\/wp\/v2\/types\/post"}],"author":[{"embeddable":true,"href":"https:\/\/www.conselharan.org\/es\/wp-json\/wp\/v2\/users\/10"}],"replies":[{"embeddable":true,"href":"https:\/\/www.conselharan.org\/es\/wp-json\/wp\/v2\/comments?post=49681"}],"version-history":[{"count":1,"href":"https:\/\/www.conselharan.org\/es\/wp-json\/wp\/v2\/posts\/49681\/revisions"}],"predecessor-version":[{"id":49682,"href":"https:\/\/www.conselharan.org\/es\/wp-json\/wp\/v2\/posts\/49681\/revisions\/49682"}],"wp:featuredmedia":[{"embeddable":true,"href":"https:\/\/www.conselharan.org\/es\/wp-json\/wp\/v2\/media\/49678"}],"wp:attachment":[{"href":"https:\/\/www.conselharan.org\/es\/wp-json\/wp\/v2\/media?parent=49681"}],"wp:term":[{"taxonomy":"category","embeddable":true,"href":"https:\/\/www.conselharan.org\/es\/wp-json\/wp\/v2\/categories?post=49681"},{"taxonomy":"post_tag","embeddable":true,"href":"https:\/\/www.conselharan.org\/es\/wp-json\/wp\/v2\/tags?post=49681"}],"curies":[{"name":"wp","href":"https:\/\/api.w.org\/{rel}","templated":true}]}}