{"id":49717,"date":"2022-07-18T13:30:10","date_gmt":"2022-07-18T11:30:10","guid":{"rendered":"https:\/\/www.conselharan.org\/?p=49717"},"modified":"2022-07-20T14:23:09","modified_gmt":"2022-07-20T12:23:09","slug":"eth-conselh-generau-daran-artenh-eth-compromis-dera-direccion-generau-de-biodiversitat-deth-ministeri-tara-transicion-ecologica-e-repte-demografic-ta-impulsar-era-ramaderia-e-era-bioeconomia","status":"publish","type":"post","link":"https:\/\/www.conselharan.org\/es\/eth-conselh-generau-daran-artenh-eth-compromis-dera-direccion-generau-de-biodiversitat-deth-ministeri-tara-transicion-ecologica-e-repte-demografic-ta-impulsar-era-ramaderia-e-era-bioeconomia\/","title":{"rendered":"El Conselh Generau d\u2019Aran consigue el compromiso de la direcci\u00f3n general de Biodiversidad del Ministerio para la Transici\u00f3n Ecol\u00f3gica y el Reto Demogr\u00e1fico para impulsar la ganader\u00eda y la bioeconom\u00eda en Aran"},"content":{"rendered":"<p>&nbsp;<\/p>\n<p>&nbsp;<\/p>\n<p><a href=\"https:\/\/www.conselharan.org\/wp-content\/uploads\/2022\/07\/Secretaria-Biodiversitat-1.jpg\"><img loading=\"lazy\" decoding=\"async\" class=\"aligncenter wp-image-49705 size-large\" src=\"https:\/\/www.conselharan.org\/wp-content\/uploads\/2022\/07\/Secretaria-Biodiversitat-1-1024x768.jpg\" alt=\"\" width=\"1024\" height=\"768\" srcset=\"https:\/\/www.conselharan.org\/wp-content\/uploads\/2022\/07\/Secretaria-Biodiversitat-1-1024x768.jpg 1024w, https:\/\/www.conselharan.org\/wp-content\/uploads\/2022\/07\/Secretaria-Biodiversitat-1-300x225.jpg 300w, https:\/\/www.conselharan.org\/wp-content\/uploads\/2022\/07\/Secretaria-Biodiversitat-1-768x576.jpg 768w, https:\/\/www.conselharan.org\/wp-content\/uploads\/2022\/07\/Secretaria-Biodiversitat-1-1536x1152.jpg 1536w, https:\/\/www.conselharan.org\/wp-content\/uploads\/2022\/07\/Secretaria-Biodiversitat-1.jpg 2016w\" sizes=\"(max-width: 1024px) 100vw, 1024px\" \/><\/a><\/p>\n<p>&nbsp;<\/p>\n<ul>\n<li><strong>La s\u00edndica de Aran, acompa\u00f1ada por el secretario general para el Reto Demogr\u00e1fico, se reuni\u00f3 con la directora general de Biodiversidad para presentarle el Plan de Digitalizaci\u00f3n de la ganader\u00eda que el Conselh Generau d\u2019Aran impulsa a trav\u00e9s del Hub de Innovaci\u00f3n H\u00e8Pic y que tiene como principal objetivo ofrecer herramientas tecnol\u00f3gicas a los ganaderos del territorio para mejorar el desarrollo de su trabajo y facilitar la convivencia con la fauna salvaje<\/strong><\/li>\n<\/ul>\n<p>La s\u00edndica de Aran, Maria Verg\u00e9s, acompa\u00f1ada por el secretario general para el Reto Demogr\u00e1fico, Paco Boya, mantuvo el pasado 29 de junio una reuni\u00f3n con la directora general de Biodiversidad, Bosques y Desertificaci\u00f3n, Mar\u00eda Jes\u00fas Rodr\u00edguez, a quien present\u00f3 el Plan de Digitalizaci\u00f3n de la ganader\u00eda para la convivencia con los grandes carn\u00edvoros que el Conselh Generau d\u2019Aran desarrolla a trav\u00e9s del Hub de Innovaci\u00f3n H\u00e8Pic.<\/p>\n<p>\u201cCon el compromiso de la direcci\u00f3n general de Biodiversidad avanzamos para poder desarrollar acciones de innovaci\u00f3n en el \u00e1mbito de la ganader\u00eda extensiva, algo que desde el Conselh Generau ya hemos iniciado y que pensamos que es indispensable para, por un lado, brindar apoyo a los ganaderos del territorio y, por el otro, mejorar la convivencia con la fauna salvaje\u201d, afirmaba la s\u00edndica de Aran.<\/p>\n<p>El gobierno de Aran trabaja desde hace un tiempo en este Plan de Digitalizaci\u00f3n a trav\u00e9s de la ubicaci\u00f3n de antenas de cobertura LORA en zonas remotas de la Val d\u2019Aran que sufren una grave falta de conectividad y con la adquisici\u00f3n de collares GPS que permiten no solo controlar la ubicaci\u00f3n del ganado, sino saber en qu\u00e9 estado se encuentran.<\/p>\n<p>Este apoyo del Ministerio de Transici\u00f3n Ecol\u00f3gica y Reto Demogr\u00e1fico se tendr\u00e1 que reflejar en un convenio de colaboraci\u00f3n en el que ambas administraciones ya trabajan y permitir\u00e1 poder desarrollar e implementar acciones de innovaci\u00f3n tecnol\u00f3gica en el sector de la ganader\u00eda e impulsar as\u00ed la bioeconom\u00eda y la diversificaci\u00f3n econ\u00f3mica en el territorio, tal y como se ha empezado a trabajar con el proyecto de la gesti\u00f3n forestal. Un proyecto en el que la direcci\u00f3n general ha mostrado inter\u00e9s en brindar apoyo para que, junto con la innovaci\u00f3n en el sector ganadero, pueda extenderse en otros territorios del Estado.<\/p>\n<h1 style=\"margin-top: 0cm;\"><em><span style=\"font-size: 10.0pt; font-family: 'Lato',sans-serif; font-weight: normal;\">Vielha, 18 de julio de 2022<\/span><\/em><\/h1>\n ","protected":false},"excerpt":{"rendered":"<p>&nbsp; &nbsp; &nbsp; La s\u00edndica de Aran, acompa\u00f1ada por el secretario general para el Reto Demogr\u00e1fico, se reuni\u00f3 con la directora general de Biodiversidad para presentarle el Plan de Digitalizaci\u00f3n de la ganader\u00eda que el Conselh Generau d\u2019Aran impulsa a trav\u00e9s del Hub de Innovaci\u00f3n H\u00e8Pic y que tiene como principal objetivo ofrecer herramientas tecnol\u00f3gicas&#8230;<\/p>\n","protected":false},"author":10,"featured_media":49712,"comment_status":"closed","ping_status":"closed","sticky":false,"template":"","format":"standard","meta":{"footnotes":""},"categories":[804,126,34,801],"tags":[],"_links":{"self":[{"href":"https:\/\/www.conselharan.org\/es\/wp-json\/wp\/v2\/posts\/49717"}],"collection":[{"href":"https:\/\/www.conselharan.org\/es\/wp-json\/wp\/v2\/posts"}],"about":[{"href":"https:\/\/www.conselharan.org\/es\/wp-json\/wp\/v2\/types\/post"}],"author":[{"embeddable":true,"href":"https:\/\/www.conselharan.org\/es\/wp-json\/wp\/v2\/users\/10"}],"replies":[{"embeddable":true,"href":"https:\/\/www.conselharan.org\/es\/wp-json\/wp\/v2\/comments?post=49717"}],"version-history":[{"count":4,"href":"https:\/\/www.conselharan.org\/es\/wp-json\/wp\/v2\/posts\/49717\/revisions"}],"predecessor-version":[{"id":49755,"href":"https:\/\/www.conselharan.org\/es\/wp-json\/wp\/v2\/posts\/49717\/revisions\/49755"}],"wp:featuredmedia":[{"embeddable":true,"href":"https:\/\/www.conselharan.org\/es\/wp-json\/wp\/v2\/media\/49712"}],"wp:attachment":[{"href":"https:\/\/www.conselharan.org\/es\/wp-json\/wp\/v2\/media?parent=49717"}],"wp:term":[{"taxonomy":"category","embeddable":true,"href":"https:\/\/www.conselharan.org\/es\/wp-json\/wp\/v2\/categories?post=49717"},{"taxonomy":"post_tag","embeddable":true,"href":"https:\/\/www.conselharan.org\/es\/wp-json\/wp\/v2\/tags?post=49717"}],"curies":[{"name":"wp","href":"https:\/\/api.w.org\/{rel}","templated":true}]}}