{"id":49740,"date":"2022-07-20T12:54:19","date_gmt":"2022-07-20T10:54:19","guid":{"rendered":"https:\/\/www.conselharan.org\/es-inscripcions-tara-xxvau-edicion-dera-corsa-e-caminada-des-15-pobles-ja-son-dubertes\/"},"modified":"2022-07-20T13:22:27","modified_gmt":"2022-07-20T11:22:27","slug":"es-inscripcions-tara-xxvau-edicion-dera-corsa-e-caminada-des-15-pobles-ja-son-dubertes","status":"publish","type":"post","link":"https:\/\/www.conselharan.org\/es\/es-inscripcions-tara-xxvau-edicion-dera-corsa-e-caminada-des-15-pobles-ja-son-dubertes\/","title":{"rendered":"Las inscripciones para la XXVa edici\u00f3n de la Cursa y Caminata de los 15 pueblos ya est\u00e1n abiertas"},"content":{"rendered":"<h3><\/h3>\n<p>&nbsp;<\/p>\n<p><a href=\"https:\/\/www.conselharan.org\/wp-content\/uploads\/2022\/07\/CART\u00c8L-CORSA-2022.png\"><img loading=\"lazy\" decoding=\"async\" class=\"aligncenter wp-image-49728 size-large\" src=\"https:\/\/www.conselharan.org\/wp-content\/uploads\/2022\/07\/CART\u00c8L-CORSA-2022-724x1024.png\" alt=\"\" width=\"724\" height=\"1024\" srcset=\"https:\/\/www.conselharan.org\/wp-content\/uploads\/2022\/07\/CART\u00c8L-CORSA-2022-724x1024.png 724w, https:\/\/www.conselharan.org\/wp-content\/uploads\/2022\/07\/CART\u00c8L-CORSA-2022-212x300.png 212w, https:\/\/www.conselharan.org\/wp-content\/uploads\/2022\/07\/CART\u00c8L-CORSA-2022-768x1086.png 768w, https:\/\/www.conselharan.org\/wp-content\/uploads\/2022\/07\/CART\u00c8L-CORSA-2022-1086x1536.png 1086w, https:\/\/www.conselharan.org\/wp-content\/uploads\/2022\/07\/CART\u00c8L-CORSA-2022-1448x2048.png 1448w, https:\/\/www.conselharan.org\/wp-content\/uploads\/2022\/07\/CART\u00c8L-CORSA-2022.png 1587w\" sizes=\"(max-width: 724px) 100vw, 724px\" \/><\/a><\/p>\n<p>&nbsp;<\/p>\n<ul>\n<li>\n<h3><strong>Hay cinco modalidades diferentes con distancias i recorridos para todos<\/strong><\/h3>\n<\/li>\n<li>\n<h3><strong>La clasificaci\u00f3n y medida de los tiempos de estas pruebas se realiza mediante el sistema CHIP, por\u00a0 lo tanto, su uso es obligatorio\u00a0<\/strong><\/h3>\n<\/li>\n<\/ul>\n<p>Un a\u00f1o m\u00e1s, llega la Cursa y Caminata de los 15 pueblos, que el pr\u00f3ximo domingo, 28 de agosto, celebra su XXVa edici\u00f3n.<\/p>\n<p>Las inscripciones est\u00e1n abiertas para todas aquellas personas interesadas en realizar esta prueba y se podr\u00e1n hacer online a trav\u00e9s de la p\u00e1gina web de la cursa hasta las 23:59 horas del 25 de agosto, y tambi\u00e9n de forma presencial en el Banco Sabadell de Vielha hasta las 14:00 horas del mismo d\u00eda.<\/p>\n<p>Habr\u00e1 tambi\u00e9n inscripciones presenciales en la Plaza de Aran el viernes, 26 de agosto, de 17:00 a 20:00 y el s\u00e1bado, 27 de agosto, de 10:00 a 13:00 y de 17:00 a 20:00.<\/p>\n<p>Es imprescindible que los inscritos menores de 18 a\u00f1os presenten la autorizaci\u00f3n de sus padres o tutores legales el d\u00eda de la recogida de dorsales para poder participar.<\/p>\n<p>En este evento deportivo hay un total de cinco modalidades diferentes. El track de cada una de ellas se puede <strong><a href=\"https:\/\/www.corsa15pobles.org\/planos-y-perfiles\/\">consultar en la web<\/a><\/strong><\/p>\n<p><strong><u>Caminata 15 km<\/u><\/strong><\/p>\n<ul>\n<li>830 m de subida y 730 m de bajada<\/li>\n<li>Salida a las 09:00 desde Es B\u00f2rdes<\/li>\n<li>Precio inscripci\u00f3n: 20 euros hasta el 25 de agosto. Precio inscripci\u00f3n presencial el d\u00eda 26 y 27 de agosto: 25 euros<\/li>\n<\/ul>\n<p><strong><u>Caminata 5 km<\/u><\/strong><\/p>\n<ul>\n<li>200 m de bajada<\/li>\n<li>Salida a las11:00 desde Montcorbau<\/li>\n<li>Precio inscripci\u00f3n: 15 euros hasta el 25 de agosto. Precio inscripci\u00f3n presencial el d\u00eda 26 y 27 de agosto: 20 euros<\/li>\n<\/ul>\n<p><strong><u>Corsa 11 km- Trofeo Arturo Riba<\/u><\/strong><\/p>\n<ul>\n<li>Cursa de 11,2 km con un desnivel positivo acumulado de 520 m<\/li>\n<li>Salida a las 09:00 desde Es B\u00f2rdes<\/li>\n<li>2 subidas fuertes<\/li>\n<li>Tiempo m\u00e1ximo para completar la cursa: 4 horas<\/li>\n<li>Avituallamientos en P\u00f2nt d\u2019Arr\u00f2s, Betlan y en meta.<\/li>\n<li>Dificultad t\u00e9cnica: 5 sobre 10<\/li>\n<li>Precio inscripci\u00f3n: 20 euros hasta el 25 de agosto. Precio inscripci\u00f3n presencial el d\u00eda 26 y 27 de agosto: 25 euros<\/li>\n<\/ul>\n<p><strong><u>Cursa de los 15 pueblos<\/u><\/strong><\/p>\n<ul>\n<li>Cursa de 21,5 km<\/li>\n<li>Salida a las 09:00 desde Es B\u00f2rdes<\/li>\n<li>1300 m de subida y 1200 m de bajada<\/li>\n<li>Tiempo m\u00e1ximo para completar la cursa: 5 horas<\/li>\n<li>3 subidas fuertes<\/li>\n<li>Avituallamientos en Arres, Vilam\u00f2s, P\u00f2nt d\u2019Arr\u00f2s, Vila, Betlan, Mont y en meta<\/li>\n<li>Precio inscripci\u00f3n: 25 euros hasta el 25 de agosto. Precio inscripci\u00f3n presencial el d\u00eda 26 y 27 de agosto: 30 euros<\/li>\n<\/ul>\n<p><strong><u>Corsa- Trofeo Roland Gin\u00e9<\/u><\/strong><\/p>\n<ul>\n<li>Cursa juvenil de monta\u00f1a de recorrido corto. 5 km, 200 m de bajada<\/li>\n<li>Se pueden inscribir (con autorizaci\u00f3n de los padres\/ tutores legales) los chicos y chicas nacidos entre los a\u00f1os 2005 y 2016, ambos incluidos (De 6 a 17 a\u00f1os)<\/li>\n<li>Salida a las 11:00 en Montcorbau<\/li>\n<li>Precio inscripci\u00f3n: 15 euros hasta el 25 de agosto. Precio inscripci\u00f3n presencial el d\u00eda 26 y 27 de agosto: 20 euros.<\/li>\n<\/ul>\n<p>La clasificaci\u00f3n y medida de los tiempos de estas pruebas se realiza mediante el sistema de chip, por lo tanto, su uso es obligatorio.<\/p>\n<p>&nbsp;<\/p>\n ","protected":false},"excerpt":{"rendered":"<p>&nbsp; &nbsp; Hay cinco modalidades diferentes con distancias i recorridos para todos La clasificaci\u00f3n y medida de los tiempos de estas pruebas se realiza mediante el sistema CHIP, por\u00a0 lo tanto, su uso es obligatorio\u00a0 Un a\u00f1o m\u00e1s, llega la Cursa y Caminata de los 15 pueblos, que el pr\u00f3ximo domingo, 28 de agosto, celebra&#8230;<\/p>\n","protected":false},"author":10,"featured_media":49733,"comment_status":"closed","ping_status":"closed","sticky":false,"template":"","format":"standard","meta":{"footnotes":""},"categories":[37],"tags":[],"_links":{"self":[{"href":"https:\/\/www.conselharan.org\/es\/wp-json\/wp\/v2\/posts\/49740"}],"collection":[{"href":"https:\/\/www.conselharan.org\/es\/wp-json\/wp\/v2\/posts"}],"about":[{"href":"https:\/\/www.conselharan.org\/es\/wp-json\/wp\/v2\/types\/post"}],"author":[{"embeddable":true,"href":"https:\/\/www.conselharan.org\/es\/wp-json\/wp\/v2\/users\/10"}],"replies":[{"embeddable":true,"href":"https:\/\/www.conselharan.org\/es\/wp-json\/wp\/v2\/comments?post=49740"}],"version-history":[{"count":3,"href":"https:\/\/www.conselharan.org\/es\/wp-json\/wp\/v2\/posts\/49740\/revisions"}],"predecessor-version":[{"id":49750,"href":"https:\/\/www.conselharan.org\/es\/wp-json\/wp\/v2\/posts\/49740\/revisions\/49750"}],"wp:featuredmedia":[{"embeddable":true,"href":"https:\/\/www.conselharan.org\/es\/wp-json\/wp\/v2\/media\/49733"}],"wp:attachment":[{"href":"https:\/\/www.conselharan.org\/es\/wp-json\/wp\/v2\/media?parent=49740"}],"wp:term":[{"taxonomy":"category","embeddable":true,"href":"https:\/\/www.conselharan.org\/es\/wp-json\/wp\/v2\/categories?post=49740"},{"taxonomy":"post_tag","embeddable":true,"href":"https:\/\/www.conselharan.org\/es\/wp-json\/wp\/v2\/tags?post=49740"}],"curies":[{"name":"wp","href":"https:\/\/api.w.org\/{rel}","templated":true}]}}