{"id":49797,"date":"2022-07-22T13:30:41","date_gmt":"2022-07-22T11:30:41","guid":{"rendered":"https:\/\/www.conselharan.org\/era-sindica-daran-recep-ara-conselhera-de-drets-sociaus-dera-generalitat\/"},"modified":"2022-07-25T12:11:39","modified_gmt":"2022-07-25T10:11:39","slug":"era-sindica-daran-recep-ara-conselhera-de-drets-sociaus-dera-generalitat","status":"publish","type":"post","link":"https:\/\/www.conselharan.org\/es\/era-sindica-daran-recep-ara-conselhera-de-drets-sociaus-dera-generalitat\/","title":{"rendered":"La sindica de Aran recibe a la consejera de Derechos Sociales de la Generalitat"},"content":{"rendered":"<p><a href=\"https:\/\/www.conselharan.org\/wp-content\/uploads\/2022\/07\/IMG_1473.jpg\"><img loading=\"lazy\" decoding=\"async\" class=\"aligncenter wp-image-49792 size-large\" src=\"https:\/\/www.conselharan.org\/wp-content\/uploads\/2022\/07\/IMG_1473-1024x768.jpg\" alt=\"\" width=\"1024\" height=\"768\" srcset=\"https:\/\/www.conselharan.org\/wp-content\/uploads\/2022\/07\/IMG_1473-1024x768.jpg 1024w, https:\/\/www.conselharan.org\/wp-content\/uploads\/2022\/07\/IMG_1473-300x225.jpg 300w, https:\/\/www.conselharan.org\/wp-content\/uploads\/2022\/07\/IMG_1473-768x576.jpg 768w, https:\/\/www.conselharan.org\/wp-content\/uploads\/2022\/07\/IMG_1473-1536x1152.jpg 1536w, https:\/\/www.conselharan.org\/wp-content\/uploads\/2022\/07\/IMG_1473.jpg 2016w\" sizes=\"(max-width: 1024px) 100vw, 1024px\" \/><\/a><\/p>\n<h3><\/h3>\n<ul>\n<li>\n<h3><strong>Durante el encuentro se han tratado los asuntos que actualmente se trabaja entre las dos instituciones en materia de atenci\u00f3n social, como es la necesidad de cerrar un convenio de traspaso de competencias en esta cuesti\u00f3n que tiene que permitir consolidar la cartera de servicios sociales del Conselh Generau d\u2019Aran, mejorando el financiamiento y la capacidad de decisi\u00f3n de la m\u00e1xima instituci\u00f3n aranesa en materias como las declaraciones de dependencia, para poder as\u00ed ser m\u00e1s \u00e1giles y resolutivos delante de las demandas de la ciudadan\u00eda. <\/strong><\/h3>\n<\/li>\n<li>\n<h3><strong>Con el cierre de este traspaso, el Conselh Generau d\u2019Aran pretende consolidar el sistema sanitario y social aran\u00e9s, que est\u00e1 dise\u00f1ado como un \u00fanico sistema que permite la gesti\u00f3n integral y transversal de todo aquello que ata\u00f1e a la salud y el bienestar de la ciudadan\u00eda de Aran. <\/strong><\/h3>\n<\/li>\n<li>\n<h3><strong>Durante el encuentro se ha convenido tambi\u00e9n en crear una comisi\u00f3n t\u00e9cnica de seguimiento entre el departamento de Derechos Sociales y el Conselh Generau d\u2019Aran para llevar a cabo los trabajos de actualizaci\u00f3n de la cartera de servicios en Aran.<\/strong><\/h3>\n<\/li>\n<\/ul>\n<p>La sindica de Aran, Maria Verg\u00e9s, a recibido esta ma\u00f1ana a la consejera de Derechos Sociales de la Generalitat de Catalunya, Violant Cervera, con quien ha tratado diferentes asuntos relacionados con la atenci\u00f3n social en la Val d\u2019Aran que son primordiales para el gobierno del Conselh Generau d\u2019Aran<\/p>\n<p>Durante el encuentro, la sindica d\u2019Aran ha explicado a la consejera Cervera c\u00f3mo esta organizado el modelo sanitario y social aran\u00e9s, \u201cun modelo \u00fanico, propio y transversal que se ha demostrado eficaz a la hora de atender las necesidades de nuestra ciudadan\u00eda\u201d.<\/p>\n<p>En este sentido, la sindica de Aran ha expresado que: \u201cel traspaso competencial en materia social solo est\u00e1 establecido en diversos decretos y acuerdos y que no han llegado jam\u00e1s a concretarse el correspondiente convenio de traspaso\u201d y asegura que: \u201ces necesario obtener esta transferencia para poder desarrollar las pol\u00edticas sociales que son necesarias en la Val d\u2019Aran, al mismo tiempo que tambi\u00e9n obtener la ampliaci\u00f3n de la cartera de servicios, en una primera instancia a trav\u00e9s de la mejora del actual contrato programa, debido a que en estos momentos contamos con una cartera de servicios menos amplia que la de nuestros territorios vecinos\u201d.<\/p>\n<p>Actualmente la m\u00e1xima instituci\u00f3n aranesa recibe, por parte de la Generalitat de Catalunya, un total de 1.906.853 \u20ac para la atenci\u00f3n social, que se dividen en:<\/p>\n<ul>\n<li>Residencia St Ant\u00f2ni de Vielha: 1.379.437 \u20ac<\/li>\n<li>Servicios d\u2019Atenci\u00f3n Primaria: 261.903 \u20ac<\/li>\n<li>Centro Ocupacional: 124.729 \u20ac<\/li>\n<li>Atenci\u00f3n Precoz: 56.238 \u20ac<\/li>\n<li>Transporte adaptado: 32.143 \u20ac<\/li>\n<li>SIAH: 30.095 \u20ac<\/li>\n<li>Atenci\u00f3n domiciliaria: 19.728 \u20ac<\/li>\n<li>Violencia de g\u00e9nero: 2.577 \u20ac<\/li>\n<\/ul>\n<p>Esta cifra sit\u00faa a la Val d\u2019Aran como el territorio del Pirineo donde la inversi\u00f3n en atenci\u00f3n social m\u00e1s baja, algo que el gobierno del Conselh Gernau d\u2019Aran quiere cambiar para ser m\u00e1s proactivos y poder llevar a cabo acciones de impacto en la mejora de la calidad de vida de las personas del territorio.<\/p>\n<p>As\u00ed mismo, entre otros asuntos, la sindica de Aran tambi\u00e9n ha explicado a la consejera de Derechos Sociales la actual situaci\u00f3n de la Residencia Sant Joan de Les, para la que el Conselh Generau d\u2019Aran busca soluciones viables y adaptadas a la realidad actual, despu\u00e9s que fuera construida en la pasada legislatura sin contar con ning\u00fan estudio de viabilidad t\u00e9cnica ni econ\u00f3mica que, junto con el impacto de la COVID-19, han imposibilitado su apertura.<\/p>\n<p>Delante de esta situaci\u00f3n, el gobierno del Conselh Generau d\u2019Aran trabaja para actualizar y ajustar la gesti\u00f3n de la Residencia para que, con financiaci\u00f3n europea y de la Generalitat, acontezca un servicio de atenci\u00f3n a la ciudadan\u00eda, que pueda incluir plazas de residencia, pero que tambi\u00e9n incluya servicios de atenci\u00f3n a la discapacidad, entre otros, para convertirse en un centro integral de atenci\u00f3n a las personas y que contemple las necesidades de futuro de la ciudadan\u00eda aranesa en todas sus etapas vitales.<\/p>\n<p>La sindica de Aran a querido \u201dagradecer en primer lugar la visita de la consejera y su predisposici\u00f3n para llevar a cabo estas propuestas que le hemos presentado, tanto por lo que tiene que ver con el marco competencial como con el m\u00e1s t\u00e9cnico, que nos tiene que permitir dar un salto cualitativo muy importante en la atenci\u00f3n de las personas en el Aran\u201d.<\/p>\n<p>En esta reuni\u00f3n, tambi\u00e9n se ha introducido a la consejera Cervera el modelo de Atenci\u00f3n Social en el entorno Domiciliario (SaeD) que ha desarrollado el Conselh Generau en la Val d\u2019Aran, que facilita la tenci\u00f3n de proximidad a personas grandes, con discapacidad, gente con necesidades puntuales, familias monoparentales o infantes en situaci\u00f3n de riesgo en sus domicilios, que ha resultado todo un \u00e9xito desde su implementaci\u00f3n el pasado mes de mayo y que cuenta ya con 26 usuarios y usuarias.<\/p>\n<h1 style=\"margin-top: 0cm;\"><em><span style=\"font-size: 10.0pt; font-family: 'Lato',sans-serif; font-weight: normal;\">Vielha, 22 de julio de 2022<\/span><\/em><\/h1>\n ","protected":false},"excerpt":{"rendered":"<p>Durante el encuentro se han tratado los asuntos que actualmente se trabaja entre las dos instituciones en materia de atenci\u00f3n social, como es la necesidad de cerrar un convenio de traspaso de competencias en esta cuesti\u00f3n que tiene que permitir consolidar la cartera de servicios sociales del Conselh Generau d\u2019Aran, mejorando el financiamiento y la&#8230;<\/p>\n","protected":false},"author":10,"featured_media":49794,"comment_status":"closed","ping_status":"closed","sticky":false,"template":"","format":"standard","meta":{"footnotes":""},"categories":[52,789,798],"tags":[],"_links":{"self":[{"href":"https:\/\/www.conselharan.org\/es\/wp-json\/wp\/v2\/posts\/49797"}],"collection":[{"href":"https:\/\/www.conselharan.org\/es\/wp-json\/wp\/v2\/posts"}],"about":[{"href":"https:\/\/www.conselharan.org\/es\/wp-json\/wp\/v2\/types\/post"}],"author":[{"embeddable":true,"href":"https:\/\/www.conselharan.org\/es\/wp-json\/wp\/v2\/users\/10"}],"replies":[{"embeddable":true,"href":"https:\/\/www.conselharan.org\/es\/wp-json\/wp\/v2\/comments?post=49797"}],"version-history":[{"count":2,"href":"https:\/\/www.conselharan.org\/es\/wp-json\/wp\/v2\/posts\/49797\/revisions"}],"predecessor-version":[{"id":49799,"href":"https:\/\/www.conselharan.org\/es\/wp-json\/wp\/v2\/posts\/49797\/revisions\/49799"}],"wp:featuredmedia":[{"embeddable":true,"href":"https:\/\/www.conselharan.org\/es\/wp-json\/wp\/v2\/media\/49794"}],"wp:attachment":[{"href":"https:\/\/www.conselharan.org\/es\/wp-json\/wp\/v2\/media?parent=49797"}],"wp:term":[{"taxonomy":"category","embeddable":true,"href":"https:\/\/www.conselharan.org\/es\/wp-json\/wp\/v2\/categories?post=49797"},{"taxonomy":"post_tag","embeddable":true,"href":"https:\/\/www.conselharan.org\/es\/wp-json\/wp\/v2\/tags?post=49797"}],"curies":[{"name":"wp","href":"https:\/\/api.w.org\/{rel}","templated":true}]}}